{"id":1910,"date":"2023-11-27T10:18:24","date_gmt":"2023-11-27T09:18:24","guid":{"rendered":"https:\/\/agence-caom.fr\/?p=1910"},"modified":"2023-11-27T11:24:39","modified_gmt":"2023-11-27T10:24:39","slug":"comment-communiquer-pendant-les-periodes-de-fetes","status":"publish","type":"post","link":"https:\/\/agence-caom.fr\/index.php\/2023\/11\/27\/comment-communiquer-pendant-les-periodes-de-fetes\/","title":{"rendered":"Comment communiquer pendant les p\u00e9riodes de f\u00eates ?"},"content":{"rendered":"\t\t<div data-elementor-type=\"wp-post\" data-elementor-id=\"1910\" class=\"elementor elementor-1910\" data-elementor-post-type=\"post\">\n\t\t\t\t\t\t<section class=\"elementor-section elementor-top-section elementor-element elementor-element-eaeadd2 elementor-section-content-middle elementor-section-boxed elementor-section-height-default elementor-section-height-default elementor-invisible\" data-id=\"eaeadd2\" data-element_type=\"section\" data-e-type=\"section\" data-settings=\"{&quot;animation&quot;:&quot;slideInUp&quot;}\">\n\t\t\t\t\t\t<div class=\"elementor-container elementor-column-gap-default\">\n\t\t\t\t\t<div class=\"elementor-column elementor-col-50 elementor-top-column elementor-element elementor-element-3661458\" data-id=\"3661458\" data-element_type=\"column\" data-e-type=\"column\">\n\t\t\t<div class=\"elementor-widget-wrap elementor-element-populated\">\n\t\t\t\t\t\t<div class=\"elementor-element elementor-element-cff5dc9 elementor-widget elementor-widget-image\" data-id=\"cff5dc9\" data-element_type=\"widget\" data-e-type=\"widget\" data-widget_type=\"image.default\">\n\t\t\t\t<div class=\"elementor-widget-container\">\n\t\t\t\t\t\t\t\t\t\t\t\t\t\t\t<img fetchpriority=\"high\" decoding=\"async\" width=\"510\" height=\"442\" src=\"https:\/\/agence-caom.fr\/wp-content\/uploads\/2023\/11\/Comment-communiquer-pendant-les-periodes-de-fetes-caom-agence-de-communication.png\" class=\"attachment-large size-large wp-image-1937\" alt=\"Comment communiquer pendant les p\u00e9riodes de f\u00eates - caom agence de communication\" srcset=\"https:\/\/agence-caom.fr\/wp-content\/uploads\/2023\/11\/Comment-communiquer-pendant-les-periodes-de-fetes-caom-agence-de-communication.png 510w, https:\/\/agence-caom.fr\/wp-content\/uploads\/2023\/11\/Comment-communiquer-pendant-les-periodes-de-fetes-caom-agence-de-communication-300x260.png 300w\" sizes=\"(max-width: 510px) 100vw, 510px\" \/>\t\t\t\t\t\t\t\t\t\t\t\t\t\t\t<\/div>\n\t\t\t\t<\/div>\n\t\t\t\t\t<\/div>\n\t\t<\/div>\n\t\t\t\t<div class=\"elementor-column elementor-col-50 elementor-top-column elementor-element elementor-element-54175bc\" data-id=\"54175bc\" data-element_type=\"column\" data-e-type=\"column\">\n\t\t\t<div class=\"elementor-widget-wrap elementor-element-populated\">\n\t\t\t\t\t\t<div class=\"elementor-element elementor-element-d137603 elementor-widget elementor-widget-heading\" data-id=\"d137603\" data-element_type=\"widget\" data-e-type=\"widget\" data-widget_type=\"heading.default\">\n\t\t\t\t<div class=\"elementor-widget-container\">\n\t\t\t\t\t<h1 class=\"elementor-heading-title elementor-size-default\">Communiquer avec \u00e9clat pendant les f\u00eates : strat\u00e9gie &amp; contenus<\/h1>\t\t\t\t<\/div>\n\t\t\t\t<\/div>\n\t\t\t\t<div class=\"elementor-element elementor-element-9cb6c83 elementor-widget elementor-widget-text-editor\" data-id=\"9cb6c83\" data-element_type=\"widget\" data-e-type=\"widget\" data-widget_type=\"text-editor.default\">\n\t\t\t\t<div class=\"elementor-widget-container\">\n\t\t\t\t\t\t\t\t\t<p>Les f\u00eates de fin d&rsquo;ann\u00e9e sont le moment id\u00e9al pour r\u00e9fl\u00e9chir sur l&rsquo;ann\u00e9e pass\u00e9e, exprimer sa gratitude et se pr\u00e9parer pour une nouvelle ann\u00e9e prometteuse. Dans le contexte professionnel, la communication joue un r\u00f4le cl\u00e9 pendant cette p\u00e9riode. Nos experts de la communication vous donnent de pr\u00e9cieux conseils dans cet article : de la strat\u00e9gie de communication \u00e0 mettre en place \u00e0 des id\u00e9es de contenu pour la fin d&rsquo;ann\u00e9e !<\/p>\t\t\t\t\t\t\t\t<\/div>\n\t\t\t\t<\/div>\n\t\t\t\t\t<\/div>\n\t\t<\/div>\n\t\t\t\t\t<\/div>\n\t\t<\/section>\n\t\t\t\t<section class=\"elementor-section elementor-top-section elementor-element elementor-element-c138d90 elementor-section-boxed elementor-section-height-default elementor-section-height-default elementor-invisible\" data-id=\"c138d90\" data-element_type=\"section\" data-e-type=\"section\" data-settings=\"{&quot;animation&quot;:&quot;slideInUp&quot;}\">\n\t\t\t\t\t\t<div class=\"elementor-container elementor-column-gap-default\">\n\t\t\t\t\t<div class=\"elementor-column elementor-col-100 elementor-top-column elementor-element elementor-element-f77732d\" data-id=\"f77732d\" data-element_type=\"column\" data-e-type=\"column\">\n\t\t\t<div class=\"elementor-widget-wrap elementor-element-populated\">\n\t\t\t\t\t\t<div class=\"elementor-element elementor-element-b1e20fd elementor-widget-divider--view-line_icon elementor-view-default elementor-widget-divider--element-align-center elementor-widget elementor-widget-divider\" data-id=\"b1e20fd\" data-element_type=\"widget\" data-e-type=\"widget\" data-widget_type=\"divider.default\">\n\t\t\t\t<div class=\"elementor-widget-container\">\n\t\t\t\t\t\t\t<div class=\"elementor-divider\">\n\t\t\t<span class=\"elementor-divider-separator\">\n\t\t\t\t\t\t\t<div class=\"elementor-icon elementor-divider__element\">\n\t\t\t\t\t<i aria-hidden=\"true\" class=\"fas fa-arrow-down\"><\/i><\/div>\n\t\t\t\t\t\t<\/span>\n\t\t<\/div>\n\t\t\t\t\t\t<\/div>\n\t\t\t\t<\/div>\n\t\t\t\t\t<\/div>\n\t\t<\/div>\n\t\t\t\t\t<\/div>\n\t\t<\/section>\n\t\t\t\t<section class=\"elementor-section elementor-top-section elementor-element elementor-element-096541f elementor-section-boxed elementor-section-height-default elementor-section-height-default elementor-invisible\" data-id=\"096541f\" data-element_type=\"section\" data-e-type=\"section\" data-settings=\"{&quot;animation&quot;:&quot;slideInUp&quot;}\">\n\t\t\t\t\t\t<div class=\"elementor-container elementor-column-gap-default\">\n\t\t\t\t\t<div class=\"elementor-column elementor-col-100 elementor-top-column elementor-element elementor-element-dd4dd65\" data-id=\"dd4dd65\" data-element_type=\"column\" data-e-type=\"column\">\n\t\t\t<div class=\"elementor-widget-wrap elementor-element-populated\">\n\t\t\t\t\t\t<div class=\"elementor-element elementor-element-5ec257d elementor-widget elementor-widget-heading\" data-id=\"5ec257d\" data-element_type=\"widget\" data-e-type=\"widget\" data-widget_type=\"heading.default\">\n\t\t\t\t<div class=\"elementor-widget-container\">\n\t\t\t\t\t<h2 class=\"elementor-heading-title elementor-size-default\">La strat\u00e9gie de communication : IT'S TIIIIIIIIIIME \ud83c\udf84<\/h2>\t\t\t\t<\/div>\n\t\t\t\t<\/div>\n\t\t\t\t\t<\/div>\n\t\t<\/div>\n\t\t\t\t\t<\/div>\n\t\t<\/section>\n\t\t\t\t<section class=\"elementor-section elementor-top-section elementor-element elementor-element-2896679 elementor-section-boxed elementor-section-height-default elementor-section-height-default elementor-invisible\" data-id=\"2896679\" data-element_type=\"section\" data-e-type=\"section\" data-settings=\"{&quot;animation&quot;:&quot;slideInUp&quot;}\">\n\t\t\t\t\t\t<div class=\"elementor-container elementor-column-gap-default\">\n\t\t\t\t\t<div class=\"elementor-column elementor-col-100 elementor-top-column elementor-element elementor-element-82f13fd\" data-id=\"82f13fd\" data-element_type=\"column\" data-e-type=\"column\">\n\t\t\t<div class=\"elementor-widget-wrap elementor-element-populated\">\n\t\t\t\t\t\t<div class=\"elementor-element elementor-element-2f750c7 elementor-tabs-view-vertical elementor-widget elementor-widget-tabs\" data-id=\"2f750c7\" data-element_type=\"widget\" data-e-type=\"widget\" data-widget_type=\"tabs.default\">\n\t\t\t\t<div class=\"elementor-widget-container\">\n\t\t\t\t\t\t\t<div class=\"elementor-tabs\">\n\t\t\t<div class=\"elementor-tabs-wrapper\" role=\"tablist\" >\n\t\t\t\t\t\t\t\t\t<div id=\"elementor-tab-title-4971\" class=\"elementor-tab-title elementor-tab-desktop-title\" aria-selected=\"true\" data-tab=\"1\" role=\"tab\" tabindex=\"0\" aria-controls=\"elementor-tab-content-4971\" aria-expanded=\"false\">Planifiez vos communications & pr\u00e9parez-les en amont<\/div>\n\t\t\t\t\t\t\t\t\t<div id=\"elementor-tab-title-4972\" class=\"elementor-tab-title elementor-tab-desktop-title\" aria-selected=\"false\" data-tab=\"2\" role=\"tab\" tabindex=\"-1\" aria-controls=\"elementor-tab-content-4972\" aria-expanded=\"false\">Cr\u00e9ez du contenu engageant avec des images festives<\/div>\n\t\t\t\t\t\t\t\t\t<div id=\"elementor-tab-title-4973\" class=\"elementor-tab-title elementor-tab-desktop-title\" aria-selected=\"false\" data-tab=\"3\" role=\"tab\" tabindex=\"-1\" aria-controls=\"elementor-tab-content-4973\" aria-expanded=\"false\">Organisez des \u00e9v\u00e9nements virtuels & en pr\u00e9sentiel \u00e0 l'image des f\u00eates (communication interne)<\/div>\n\t\t\t\t\t\t\t\t\t<div id=\"elementor-tab-title-4974\" class=\"elementor-tab-title elementor-tab-desktop-title\" aria-selected=\"false\" data-tab=\"4\" role=\"tab\" tabindex=\"-1\" aria-controls=\"elementor-tab-content-4974\" aria-expanded=\"false\">Anticipez les p\u00e9riodes de fermeture<\/div>\n\t\t\t\t\t\t\t\t\t<div id=\"elementor-tab-title-4975\" class=\"elementor-tab-title elementor-tab-desktop-title\" aria-selected=\"false\" data-tab=\"5\" role=\"tab\" tabindex=\"-1\" aria-controls=\"elementor-tab-content-4975\" aria-expanded=\"false\">Personnalisez vos v\u0153ux<\/div>\n\t\t\t\t\t\t\t<\/div>\n\t\t\t<div class=\"elementor-tabs-content-wrapper\" role=\"tablist\" aria-orientation=\"vertical\">\n\t\t\t\t\t\t\t\t\t<div class=\"elementor-tab-title elementor-tab-mobile-title\" aria-selected=\"true\" data-tab=\"1\" role=\"tab\" tabindex=\"0\" aria-controls=\"elementor-tab-content-4971\" aria-expanded=\"false\">Planifiez vos communications & pr\u00e9parez-les en amont<\/div>\n\t\t\t\t\t<div id=\"elementor-tab-content-4971\" class=\"elementor-tab-content elementor-clearfix\" data-tab=\"1\" role=\"tabpanel\" aria-labelledby=\"elementor-tab-title-4971\" tabindex=\"0\" hidden=\"false\"><p>Comme pour toute p\u00e9riode de l&rsquo;ann\u00e9e, la planification est cruciale. Identifiez les clients, les partenaires et les coll\u00e8gues avec lesquels vous devez rester en contact pendant les f\u00eates. \u00c9tablissez un calendrier de communication pour vous assurer que vos messages sont envoy\u00e9s au bon moment sans \u00eatre envahissants.<\/p><p>Pr\u00e9parez votre communication \u00e0 l&rsquo;avance ! Et oui, m\u00eame si l&rsquo;\u00e9t\u00e9 nous ne pensons pas \u00e0 l&rsquo;hiver qui arrive il est important de pr\u00e9parer votre communication \u00e0 l&rsquo;avance, surtout si vous souhaitez cr\u00e9er de nouveaux visuels, de nouveaux supports print&#8230; La communication s&rsquo;anticipe !<\/p><\/div>\n\t\t\t\t\t\t\t\t\t<div class=\"elementor-tab-title elementor-tab-mobile-title\" aria-selected=\"false\" data-tab=\"2\" role=\"tab\" tabindex=\"-1\" aria-controls=\"elementor-tab-content-4972\" aria-expanded=\"false\">Cr\u00e9ez du contenu engageant avec des images festives<\/div>\n\t\t\t\t\t<div id=\"elementor-tab-content-4972\" class=\"elementor-tab-content elementor-clearfix\" data-tab=\"2\" role=\"tabpanel\" aria-labelledby=\"elementor-tab-title-4972\" tabindex=\"0\" hidden=\"hidden\"><p>Utilisez des images festives pour rendre votre contenu plus engageant. Des visuels joyeux sur les <a href=\"https:\/\/agence-caom.fr\/index.php\/reseaux-sociaux\/\">m\u00e9dias sociaux<\/a>, dans les courriels ou m\u00eame dans des pr\u00e9sentations peuvent susciter l&rsquo;enthousiasme et l&rsquo;attention. Veillez \u00e0 choisir des images qui refl\u00e8tent votre culture d&rsquo;entreprise tout en capturant l&rsquo;esprit des f\u00eates.<\/p><\/div>\n\t\t\t\t\t\t\t\t\t<div class=\"elementor-tab-title elementor-tab-mobile-title\" aria-selected=\"false\" data-tab=\"3\" role=\"tab\" tabindex=\"-1\" aria-controls=\"elementor-tab-content-4973\" aria-expanded=\"false\">Organisez des \u00e9v\u00e9nements virtuels & en pr\u00e9sentiel \u00e0 l'image des f\u00eates (communication interne)<\/div>\n\t\t\t\t\t<div id=\"elementor-tab-content-4973\" class=\"elementor-tab-content elementor-clearfix\" data-tab=\"3\" role=\"tabpanel\" aria-labelledby=\"elementor-tab-title-4973\" tabindex=\"0\" hidden=\"hidden\"><p>Si possible, organisez des \u00e9v\u00e9nements virtuels festifs pour rassembler votre \u00e9quipe. Utilisez des arri\u00e8re-plans personnalis\u00e9s aux couleurs des f\u00eates lors des visioconf\u00e9rences. Proposez des activit\u00e9s virtuelles ludiques et encouragez la participation pour renforcer les liens tout en c\u00e9l\u00e9brant la fin de l\u2019ann\u00e9e. C\u2019est \u00e9galement l\u2019occasion de renforcer la coh\u00e9sion et le sentiment d\u2019appartenance de vos salari\u00e9s\/collaborateurs en leur proposant un d\u00e9jeuner de No\u00ebl ou en organisant un Secret Santa !<\/p><\/div>\n\t\t\t\t\t\t\t\t\t<div class=\"elementor-tab-title elementor-tab-mobile-title\" aria-selected=\"false\" data-tab=\"4\" role=\"tab\" tabindex=\"-1\" aria-controls=\"elementor-tab-content-4974\" aria-expanded=\"false\">Anticipez les p\u00e9riodes de fermeture<\/div>\n\t\t\t\t\t<div id=\"elementor-tab-content-4974\" class=\"elementor-tab-content elementor-clearfix\" data-tab=\"4\" role=\"tabpanel\" aria-labelledby=\"elementor-tab-title-4974\" tabindex=\"0\" hidden=\"hidden\"><p>Pendant les f\u00eates, de nombreuses entreprises fonctionnent avec des horaires r\u00e9duits. Informez vos clients et partenaires des p\u00e9riodes de fermeture \u00e9ventuelles et assurez-vous que les points de contact d&rsquo;urgence sont clairement communiqu\u00e9s. Cela \u00e9vite toute confusion et d\u00e9montre votre engagement envers un service transparent.<\/p><\/div>\n\t\t\t\t\t\t\t\t\t<div class=\"elementor-tab-title elementor-tab-mobile-title\" aria-selected=\"false\" data-tab=\"5\" role=\"tab\" tabindex=\"-1\" aria-controls=\"elementor-tab-content-4975\" aria-expanded=\"false\">Personnalisez vos v\u0153ux<\/div>\n\t\t\t\t\t<div id=\"elementor-tab-content-4975\" class=\"elementor-tab-content elementor-clearfix\" data-tab=\"5\" role=\"tabpanel\" aria-labelledby=\"elementor-tab-title-4975\" tabindex=\"0\" hidden=\"hidden\"><p>Profitez de cette p\u00e9riode pour exprimer vos v\u0153ux de fin d&rsquo;ann\u00e9e de mani\u00e8re personnelle. \u00c9vitez les messages g\u00e9n\u00e9riques et prenez le temps de personnaliser vos salutations. Cela montre \u00e0 vos clients et partenaires que vous les appr\u00e9ciez et que vous \u00eates attentif \u00e0 la relation que vous partagez.<\/p><\/div>\n\t\t\t\t\t\t\t<\/div>\n\t\t<\/div>\n\t\t\t\t\t\t<\/div>\n\t\t\t\t<\/div>\n\t\t\t\t\t<\/div>\n\t\t<\/div>\n\t\t\t\t\t<\/div>\n\t\t<\/section>\n\t\t\t\t<section class=\"elementor-section elementor-top-section elementor-element elementor-element-2a14017 elementor-section-boxed elementor-section-height-default elementor-section-height-default elementor-invisible\" data-id=\"2a14017\" data-element_type=\"section\" data-e-type=\"section\" data-settings=\"{&quot;animation&quot;:&quot;slideInUp&quot;}\">\n\t\t\t\t\t\t<div class=\"elementor-container elementor-column-gap-default\">\n\t\t\t\t\t<div class=\"elementor-column elementor-col-100 elementor-top-column elementor-element elementor-element-ed1161b\" data-id=\"ed1161b\" data-element_type=\"column\" data-e-type=\"column\">\n\t\t\t<div class=\"elementor-widget-wrap elementor-element-populated\">\n\t\t\t\t\t\t<div class=\"elementor-element elementor-element-e032802 elementor-widget-divider--view-line_icon elementor-view-default elementor-widget-divider--element-align-center elementor-widget elementor-widget-divider\" data-id=\"e032802\" data-element_type=\"widget\" data-e-type=\"widget\" data-widget_type=\"divider.default\">\n\t\t\t\t<div class=\"elementor-widget-container\">\n\t\t\t\t\t\t\t<div class=\"elementor-divider\">\n\t\t\t<span class=\"elementor-divider-separator\">\n\t\t\t\t\t\t\t<div class=\"elementor-icon elementor-divider__element\">\n\t\t\t\t\t<i aria-hidden=\"true\" class=\"fas fa-arrow-down\"><\/i><\/div>\n\t\t\t\t\t\t<\/span>\n\t\t<\/div>\n\t\t\t\t\t\t<\/div>\n\t\t\t\t<\/div>\n\t\t\t\t\t<\/div>\n\t\t<\/div>\n\t\t\t\t\t<\/div>\n\t\t<\/section>\n\t\t\t\t<section class=\"elementor-section elementor-top-section elementor-element elementor-element-50d8e31 elementor-section-boxed elementor-section-height-default elementor-section-height-default elementor-invisible\" data-id=\"50d8e31\" data-element_type=\"section\" data-e-type=\"section\" data-settings=\"{&quot;animation&quot;:&quot;slideInUp&quot;}\">\n\t\t\t\t\t\t<div class=\"elementor-container elementor-column-gap-default\">\n\t\t\t\t\t<div class=\"elementor-column elementor-col-100 elementor-top-column elementor-element elementor-element-114d9fc\" data-id=\"114d9fc\" data-element_type=\"column\" data-e-type=\"column\">\n\t\t\t<div class=\"elementor-widget-wrap elementor-element-populated\">\n\t\t\t\t\t\t<div class=\"elementor-element elementor-element-511866f elementor-widget elementor-widget-heading\" data-id=\"511866f\" data-element_type=\"widget\" data-e-type=\"widget\" data-widget_type=\"heading.default\">\n\t\t\t\t<div class=\"elementor-widget-container\">\n\t\t\t\t\t<h2 class=\"elementor-heading-title elementor-size-default\">Quelques id\u00e9es de contenu \u00e0 partager en cette fin d'ann\u00e9e ! \ud83c\udf81<\/h2>\t\t\t\t<\/div>\n\t\t\t\t<\/div>\n\t\t\t\t<div class=\"elementor-element elementor-element-622426c elementor-widget elementor-widget-text-editor\" data-id=\"622426c\" data-element_type=\"widget\" data-e-type=\"widget\" data-widget_type=\"text-editor.default\">\n\t\t\t\t<div class=\"elementor-widget-container\">\n\t\t\t\t\t\t\t\t\t<p><strong>Habillez votre identit\u00e9 visuelle aux couleurs des f\u00eates<\/strong><\/p><p>Int\u00e9grer des touches festives \u00e0 votre identit\u00e9 visuelle peut renforcer votre pr\u00e9sence en cette p\u00e9riode sp\u00e9ciale. Ajoutez des \u00e9l\u00e9ments graphiques tels que des guirlandes, des flocons de neige ou des ornements de No\u00ebl \u00e0 vos supports de communication. Assurez-vous que ces ajouts s&rsquo;alignent harmonieusement avec votre palette de couleurs d&rsquo;entreprise pour maintenir la coh\u00e9rence visuelle.<\/p>\t\t\t\t\t\t\t\t<\/div>\n\t\t\t\t<\/div>\n\t\t\t\t<div class=\"elementor-element elementor-element-f31304c elementor-widget elementor-widget-text-editor\" data-id=\"f31304c\" data-element_type=\"widget\" data-e-type=\"widget\" data-widget_type=\"text-editor.default\">\n\t\t\t\t<div class=\"elementor-widget-container\">\n\t\t\t\t\t\t\t\t\t<p><strong>Faites un bilan festif de l&rsquo;ann\u00e9e \u00e9coul\u00e9e &amp; mettez en avant les r\u00e9alisations de l\u2019ann\u00e9e<\/strong><\/p><p>Les p\u00e9riodes de f\u00eates sont propices \u00e0 la r\u00e9trospective. Communiquez vos r\u00e9ussites et vos jalons de l&rsquo;ann\u00e9e \u00e9coul\u00e9e de mani\u00e8re festive. Utilisez des visuels joyeux pour illustrer les moments cl\u00e9s, que ce soit dans une newsletter \u00e9lectronique, sur les m\u00e9dias sociaux ou m\u00eame dans votre espace de travail physique. C\u00e9l\u00e9brez les r\u00e9ussites collectives et montrez votre appr\u00e9ciation envers vos collaborateurs et clients.<\/p><p>Les f\u00eates marquent la fin d&rsquo;une ann\u00e9e de travail acharn\u00e9. Profitez de cette occasion pour mettre en avant les r\u00e9alisations de votre \u00e9quipe ou de votre entreprise. Un rapport de fin d&rsquo;ann\u00e9e, une lettre d&rsquo;information sp\u00e9ciale ou un simple courriel de remerciement peuvent \u00eatre des moyens efficaces de communiquer les succ\u00e8s de l&rsquo;ann\u00e9e \u00e9coul\u00e9e.<\/p>\t\t\t\t\t\t\t\t<\/div>\n\t\t\t\t<\/div>\n\t\t\t\t<div class=\"elementor-element elementor-element-01a75b3 elementor-widget elementor-widget-text-editor\" data-id=\"01a75b3\" data-element_type=\"widget\" data-e-type=\"widget\" data-widget_type=\"text-editor.default\">\n\t\t\t\t<div class=\"elementor-widget-container\">\n\t\t\t\t\t\t\t\t\t<p><strong>Partagez vos nouveaux objectifs et r\u00e9solutions<\/strong><\/p><p>La nouvelle ann\u00e9e am\u00e8ne une occasion excitante de fixer de nouveaux objectifs et r\u00e9solutions. Communiquez ces ambitions de mani\u00e8re inspirante et visuellement attrayante. Cr\u00e9ez des infographies ou des visuels dynamiques pr\u00e9sentant vos aspirations pour l&rsquo;ann\u00e9e \u00e0 venir. Encouragez l&rsquo;engagement en invitant vos collaborateurs et clients \u00e0 partager leurs propres objectifs.<\/p>\t\t\t\t\t\t\t\t<\/div>\n\t\t\t\t<\/div>\n\t\t\t\t\t<\/div>\n\t\t<\/div>\n\t\t\t\t\t<\/div>\n\t\t<\/section>\n\t\t\t\t<section class=\"elementor-section elementor-top-section elementor-element elementor-element-c925085 elementor-section-boxed elementor-section-height-default elementor-section-height-default elementor-invisible\" data-id=\"c925085\" data-element_type=\"section\" data-e-type=\"section\" data-settings=\"{&quot;animation&quot;:&quot;slideInUp&quot;}\">\n\t\t\t\t\t\t<div class=\"elementor-container elementor-column-gap-default\">\n\t\t\t\t\t<div class=\"elementor-column elementor-col-100 elementor-top-column elementor-element elementor-element-97149e6\" data-id=\"97149e6\" data-element_type=\"column\" data-e-type=\"column\">\n\t\t\t<div class=\"elementor-widget-wrap elementor-element-populated\">\n\t\t\t\t\t\t<div class=\"elementor-element elementor-element-68b845f elementor-widget-divider--view-line_icon elementor-view-default elementor-widget-divider--element-align-center elementor-widget elementor-widget-divider\" data-id=\"68b845f\" data-element_type=\"widget\" data-e-type=\"widget\" data-widget_type=\"divider.default\">\n\t\t\t\t<div class=\"elementor-widget-container\">\n\t\t\t\t\t\t\t<div class=\"elementor-divider\">\n\t\t\t<span class=\"elementor-divider-separator\">\n\t\t\t\t\t\t\t<div class=\"elementor-icon elementor-divider__element\">\n\t\t\t\t\t<i aria-hidden=\"true\" class=\"fas fa-ellipsis-h\"><\/i><\/div>\n\t\t\t\t\t\t<\/span>\n\t\t<\/div>\n\t\t\t\t\t\t<\/div>\n\t\t\t\t<\/div>\n\t\t\t\t\t<\/div>\n\t\t<\/div>\n\t\t\t\t\t<\/div>\n\t\t<\/section>\n\t\t\t\t<section class=\"elementor-section elementor-top-section elementor-element elementor-element-c8c7cab elementor-section-boxed elementor-section-height-default elementor-section-height-default elementor-invisible\" data-id=\"c8c7cab\" data-element_type=\"section\" data-e-type=\"section\" data-settings=\"{&quot;animation&quot;:&quot;slideInUp&quot;}\">\n\t\t\t\t\t\t<div class=\"elementor-container elementor-column-gap-default\">\n\t\t\t\t\t<div class=\"elementor-column elementor-col-100 elementor-top-column elementor-element elementor-element-85bb14b\" data-id=\"85bb14b\" data-element_type=\"column\" data-e-type=\"column\">\n\t\t\t<div class=\"elementor-widget-wrap elementor-element-populated\">\n\t\t\t\t\t\t<div class=\"elementor-element elementor-element-18982ee elementor-widget elementor-widget-heading\" data-id=\"18982ee\" data-element_type=\"widget\" data-e-type=\"widget\" data-widget_type=\"heading.default\">\n\t\t\t\t<div class=\"elementor-widget-container\">\n\t\t\t\t\t<h2 class=\"elementor-heading-title elementor-size-default\">Pour conclure...<\/h2>\t\t\t\t<\/div>\n\t\t\t\t<\/div>\n\t\t\t\t<div class=\"elementor-element elementor-element-f304820 elementor-widget elementor-widget-text-editor\" data-id=\"f304820\" data-element_type=\"widget\" data-e-type=\"widget\" data-widget_type=\"text-editor.default\">\n\t\t\t\t<div class=\"elementor-widget-container\">\n\t\t\t\t\t\t\t\t\t<p>Une communication lumineuse pour une nouvelle ann\u00e9e brillante !\u00a0<\/p><p>En int\u00e9grant les couleurs et les images festives dans votre communication pendant les p\u00e9riodes de f\u00eates, vous cr\u00e9ez une atmosph\u00e8re chaleureuse et engageante. Faites le bilan de l&rsquo;ann\u00e9e pass\u00e9e avec gratitude, partagez vos nouveaux objectifs avec enthousiasme, et embrassez la magie des f\u00eates pour renforcer les liens avec vos collaborateurs, clients et partenaires. En cette saison de c\u00e9l\u00e9bration, communiquez avec \u00e9clat et pr\u00e9parez-vous \u00e0 accueillir une nouvelle ann\u00e9e pleine de r\u00e9ussites et d&rsquo;opportunit\u00e9s.<\/p><p><em>Joyeuses f\u00eates \u00e0 tous ! \u2728\u00a0<\/em><\/p>\t\t\t\t\t\t\t\t<\/div>\n\t\t\t\t<\/div>\n\t\t\t\t\t<\/div>\n\t\t<\/div>\n\t\t\t\t\t<\/div>\n\t\t<\/section>\n\t\t\t\t<section class=\"elementor-section elementor-top-section elementor-element elementor-element-0e6aa55 elementor-section-boxed elementor-section-height-default elementor-section-height-default elementor-invisible\" data-id=\"0e6aa55\" data-element_type=\"section\" data-e-type=\"section\" data-settings=\"{&quot;animation&quot;:&quot;slideInUp&quot;}\">\n\t\t\t\t\t\t<div class=\"elementor-container elementor-column-gap-default\">\n\t\t\t\t\t<div class=\"elementor-column elementor-col-100 elementor-top-column elementor-element elementor-element-f43139a\" data-id=\"f43139a\" data-element_type=\"column\" data-e-type=\"column\">\n\t\t\t<div class=\"elementor-widget-wrap elementor-element-populated\">\n\t\t\t\t\t\t<div class=\"elementor-element elementor-element-977bacb elementor-widget elementor-widget-text-editor\" data-id=\"977bacb\" data-element_type=\"widget\" data-e-type=\"widget\" data-widget_type=\"text-editor.default\">\n\t\t\t\t<div class=\"elementor-widget-container\">\n\t\t\t\t\t\t\t\t\t<p>Caom vous a concoct\u00e9 une surprise \u00e0 l&rsquo;approche des f\u00eates, suivez-nous sur Instagram pour d\u00e9couvrir la surprise !<span style=\"font-family: Roboto, sans-serif; font-size: 15px; font-style: normal; font-variant-caps: normal;\">\ud83d\udc49 <a href=\"https:\/\/www.instagram.com\/agence_caom\/\">par ici<\/a><\/span><\/p>\t\t\t\t\t\t\t\t<\/div>\n\t\t\t\t<\/div>\n\t\t\t\t\t<\/div>\n\t\t<\/div>\n\t\t\t\t\t<\/div>\n\t\t<\/section>\n\t\t\t\t<section class=\"elementor-section elementor-top-section elementor-element elementor-element-e6a995c elementor-section-boxed elementor-section-height-default elementor-section-height-default\" data-id=\"e6a995c\" data-element_type=\"section\" data-e-type=\"section\">\n\t\t\t\t\t\t<div class=\"elementor-container elementor-column-gap-default\">\n\t\t\t\t\t<div class=\"elementor-column elementor-col-100 elementor-top-column elementor-element elementor-element-7ac2d55\" data-id=\"7ac2d55\" data-element_type=\"column\" data-e-type=\"column\">\n\t\t\t<div class=\"elementor-widget-wrap elementor-element-populated\">\n\t\t\t\t\t\t<div class=\"elementor-element elementor-element-96845b1 elementor-widget elementor-widget-spacer\" data-id=\"96845b1\" data-element_type=\"widget\" data-e-type=\"widget\" data-widget_type=\"spacer.default\">\n\t\t\t\t<div class=\"elementor-widget-container\">\n\t\t\t\t\t\t\t<div class=\"elementor-spacer\">\n\t\t\t<div class=\"elementor-spacer-inner\"><\/div>\n\t\t<\/div>\n\t\t\t\t\t\t<\/div>\n\t\t\t\t<\/div>\n\t\t\t\t\t<\/div>\n\t\t<\/div>\n\t\t\t\t\t<\/div>\n\t\t<\/section>\n\t\t\t\t<\/div>\n\t\t","protected":false},"excerpt":{"rendered":"<p>Communiquer avec \u00e9clat pendant les f\u00eates : strat\u00e9gie &amp; contenus Les f\u00eates de fin d&rsquo;ann\u00e9e sont le moment id\u00e9al pour r\u00e9fl\u00e9chir sur l&rsquo;ann\u00e9e pass\u00e9e, exprimer sa gratitude et se pr\u00e9parer pour une nouvelle ann\u00e9e prometteuse. Dans le contexte professionnel, la communication joue un r\u00f4le cl\u00e9 pendant cette p\u00e9riode. Nos experts de la communication vous donnent [&hellip;]<\/p>\n","protected":false},"author":1,"featured_media":1911,"comment_status":"open","ping_status":"open","sticky":false,"template":"","format":"standard","meta":{"footnotes":""},"categories":[1],"tags":[],"class_list":["post-1910","post","type-post","status-publish","format-standard","has-post-thumbnail","hentry","category-blog"],"blocksy_meta":[],"yoast_head":"<!-- This site is optimized with the Yoast SEO plugin v27.5 - https:\/\/yoast.com\/product\/yoast-seo-wordpress\/ -->\n<title>Comment communiquer pendant les p\u00e9riodes de f\u00eates ? | Caom - Agence de communication<\/title>\n<meta name=\"description\" content=\"Les f\u00eates de fin d&#039;ann\u00e9e approchent ! Vous vous demandez comment communiquer \u00e0 l&#039;abord de celles-ci ? Par ici !!\" \/>\n<meta name=\"robots\" content=\"index, follow, max-snippet:-1, max-image-preview:large, max-video-preview:-1\" \/>\n<link rel=\"canonical\" href=\"https:\/\/agence-caom.fr\/index.php\/2023\/11\/27\/comment-communiquer-pendant-les-periodes-de-fetes\/\" \/>\n<meta property=\"og:locale\" content=\"fr_FR\" \/>\n<meta property=\"og:type\" content=\"article\" \/>\n<meta property=\"og:title\" content=\"Comment communiquer pendant les p\u00e9riodes de f\u00eates ? | Caom - Agence de communication\" \/>\n<meta property=\"og:description\" content=\"Les f\u00eates de fin d&#039;ann\u00e9e approchent ! Vous vous demandez comment communiquer \u00e0 l&#039;abord de celles-ci ? Par ici !!\" \/>\n<meta property=\"og:url\" content=\"https:\/\/agence-caom.fr\/index.php\/2023\/11\/27\/comment-communiquer-pendant-les-periodes-de-fetes\/\" \/>\n<meta property=\"og:site_name\" content=\"Caom - Agence de communication\" \/>\n<meta property=\"article:publisher\" content=\"https:\/\/www.facebook.com\/profile.php?id=61550912141809&amp;locale=fr_FR\" \/>\n<meta property=\"article:published_time\" content=\"2023-11-27T09:18:24+00:00\" \/>\n<meta property=\"article:modified_time\" content=\"2023-11-27T10:24:39+00:00\" \/>\n<meta property=\"og:image\" content=\"http:\/\/agence-caom.fr\/wp-content\/uploads\/2023\/11\/Comment-communiquer-pendant-les-periodes-de-fetes-caom-agence-de-communication-scaled.jpg\" \/>\n\t<meta property=\"og:image:width\" content=\"1698\" \/>\n\t<meta property=\"og:image:height\" content=\"2560\" \/>\n\t<meta property=\"og:image:type\" content=\"image\/jpeg\" \/>\n<meta name=\"author\" content=\"Camille\" \/>\n<meta name=\"twitter:card\" content=\"summary_large_image\" \/>\n<meta name=\"twitter:label1\" content=\"\u00c9crit par\" \/>\n\t<meta name=\"twitter:data1\" content=\"Camille\" \/>\n<script type=\"application\/ld+json\" class=\"yoast-schema-graph\">{\"@context\":\"https:\\\/\\\/schema.org\",\"@graph\":[{\"@type\":\"Article\",\"@id\":\"https:\\\/\\\/agence-caom.fr\\\/index.php\\\/2023\\\/11\\\/27\\\/comment-communiquer-pendant-les-periodes-de-fetes\\\/#article\",\"isPartOf\":{\"@id\":\"https:\\\/\\\/agence-caom.fr\\\/index.php\\\/2023\\\/11\\\/27\\\/comment-communiquer-pendant-les-periodes-de-fetes\\\/\"},\"author\":{\"name\":\"Camille\",\"@id\":\"https:\\\/\\\/agence-caom.fr\\\/#\\\/schema\\\/person\\\/4e3245385294dedad23dbf15391fa1ca\"},\"headline\":\"Comment communiquer pendant les p\u00e9riodes de f\u00eates ?\",\"datePublished\":\"2023-11-27T09:18:24+00:00\",\"dateModified\":\"2023-11-27T10:24:39+00:00\",\"mainEntityOfPage\":{\"@id\":\"https:\\\/\\\/agence-caom.fr\\\/index.php\\\/2023\\\/11\\\/27\\\/comment-communiquer-pendant-les-periodes-de-fetes\\\/\"},\"wordCount\":967,\"commentCount\":0,\"publisher\":{\"@id\":\"https:\\\/\\\/agence-caom.fr\\\/#organization\"},\"image\":{\"@id\":\"https:\\\/\\\/agence-caom.fr\\\/index.php\\\/2023\\\/11\\\/27\\\/comment-communiquer-pendant-les-periodes-de-fetes\\\/#primaryimage\"},\"thumbnailUrl\":\"https:\\\/\\\/agence-caom.fr\\\/wp-content\\\/uploads\\\/2023\\\/11\\\/Comment-communiquer-pendant-les-periodes-de-fetes-caom-agence-de-communication-scaled.jpg\",\"articleSection\":[\"Blog\"],\"inLanguage\":\"fr-FR\",\"potentialAction\":[{\"@type\":\"CommentAction\",\"name\":\"Comment\",\"target\":[\"https:\\\/\\\/agence-caom.fr\\\/index.php\\\/2023\\\/11\\\/27\\\/comment-communiquer-pendant-les-periodes-de-fetes\\\/#respond\"]}]},{\"@type\":\"WebPage\",\"@id\":\"https:\\\/\\\/agence-caom.fr\\\/index.php\\\/2023\\\/11\\\/27\\\/comment-communiquer-pendant-les-periodes-de-fetes\\\/\",\"url\":\"https:\\\/\\\/agence-caom.fr\\\/index.php\\\/2023\\\/11\\\/27\\\/comment-communiquer-pendant-les-periodes-de-fetes\\\/\",\"name\":\"Comment communiquer pendant les p\u00e9riodes de f\u00eates ? | Caom - Agence de communication\",\"isPartOf\":{\"@id\":\"https:\\\/\\\/agence-caom.fr\\\/#website\"},\"primaryImageOfPage\":{\"@id\":\"https:\\\/\\\/agence-caom.fr\\\/index.php\\\/2023\\\/11\\\/27\\\/comment-communiquer-pendant-les-periodes-de-fetes\\\/#primaryimage\"},\"image\":{\"@id\":\"https:\\\/\\\/agence-caom.fr\\\/index.php\\\/2023\\\/11\\\/27\\\/comment-communiquer-pendant-les-periodes-de-fetes\\\/#primaryimage\"},\"thumbnailUrl\":\"https:\\\/\\\/agence-caom.fr\\\/wp-content\\\/uploads\\\/2023\\\/11\\\/Comment-communiquer-pendant-les-periodes-de-fetes-caom-agence-de-communication-scaled.jpg\",\"datePublished\":\"2023-11-27T09:18:24+00:00\",\"dateModified\":\"2023-11-27T10:24:39+00:00\",\"description\":\"Les f\u00eates de fin d'ann\u00e9e approchent ! Vous vous demandez comment communiquer \u00e0 l'abord de celles-ci ? Par ici !!\",\"breadcrumb\":{\"@id\":\"https:\\\/\\\/agence-caom.fr\\\/index.php\\\/2023\\\/11\\\/27\\\/comment-communiquer-pendant-les-periodes-de-fetes\\\/#breadcrumb\"},\"inLanguage\":\"fr-FR\",\"potentialAction\":[{\"@type\":\"ReadAction\",\"target\":[\"https:\\\/\\\/agence-caom.fr\\\/index.php\\\/2023\\\/11\\\/27\\\/comment-communiquer-pendant-les-periodes-de-fetes\\\/\"]}]},{\"@type\":\"ImageObject\",\"inLanguage\":\"fr-FR\",\"@id\":\"https:\\\/\\\/agence-caom.fr\\\/index.php\\\/2023\\\/11\\\/27\\\/comment-communiquer-pendant-les-periodes-de-fetes\\\/#primaryimage\",\"url\":\"https:\\\/\\\/agence-caom.fr\\\/wp-content\\\/uploads\\\/2023\\\/11\\\/Comment-communiquer-pendant-les-periodes-de-fetes-caom-agence-de-communication-scaled.jpg\",\"contentUrl\":\"https:\\\/\\\/agence-caom.fr\\\/wp-content\\\/uploads\\\/2023\\\/11\\\/Comment-communiquer-pendant-les-periodes-de-fetes-caom-agence-de-communication-scaled.jpg\",\"width\":1698,\"height\":2560,\"caption\":\"Comment communiquer pendant les p\u00e9riodes de f\u00eates - Caom - agence de communication\"},{\"@type\":\"BreadcrumbList\",\"@id\":\"https:\\\/\\\/agence-caom.fr\\\/index.php\\\/2023\\\/11\\\/27\\\/comment-communiquer-pendant-les-periodes-de-fetes\\\/#breadcrumb\",\"itemListElement\":[{\"@type\":\"ListItem\",\"position\":1,\"name\":\"Accueil\",\"item\":\"https:\\\/\\\/agence-caom.fr\\\/\"},{\"@type\":\"ListItem\",\"position\":2,\"name\":\"Comment communiquer pendant les p\u00e9riodes de f\u00eates ?\"}]},{\"@type\":\"WebSite\",\"@id\":\"https:\\\/\\\/agence-caom.fr\\\/#website\",\"url\":\"https:\\\/\\\/agence-caom.fr\\\/\",\"name\":\"Caom\",\"description\":\"Agence de communication\",\"publisher\":{\"@id\":\"https:\\\/\\\/agence-caom.fr\\\/#organization\"},\"alternateName\":\"Caom - Agence de communication\",\"potentialAction\":[{\"@type\":\"SearchAction\",\"target\":{\"@type\":\"EntryPoint\",\"urlTemplate\":\"https:\\\/\\\/agence-caom.fr\\\/?s={search_term_string}\"},\"query-input\":{\"@type\":\"PropertyValueSpecification\",\"valueRequired\":true,\"valueName\":\"search_term_string\"}}],\"inLanguage\":\"fr-FR\"},{\"@type\":\"Organization\",\"@id\":\"https:\\\/\\\/agence-caom.fr\\\/#organization\",\"name\":\"Caom\",\"url\":\"https:\\\/\\\/agence-caom.fr\\\/\",\"logo\":{\"@type\":\"ImageObject\",\"inLanguage\":\"fr-FR\",\"@id\":\"https:\\\/\\\/agence-caom.fr\\\/#\\\/schema\\\/logo\\\/image\\\/\",\"url\":\"https:\\\/\\\/agence-caom.fr\\\/wp-content\\\/uploads\\\/2023\\\/09\\\/cropped-caom-logo_Plan-de-travail-1-08.png\",\"contentUrl\":\"https:\\\/\\\/agence-caom.fr\\\/wp-content\\\/uploads\\\/2023\\\/09\\\/cropped-caom-logo_Plan-de-travail-1-08.png\",\"width\":1317,\"height\":559,\"caption\":\"Caom\"},\"image\":{\"@id\":\"https:\\\/\\\/agence-caom.fr\\\/#\\\/schema\\\/logo\\\/image\\\/\"},\"sameAs\":[\"https:\\\/\\\/www.facebook.com\\\/profile.php?id=61550912141809&locale=fr_FR\",\"https:\\\/\\\/www.instagram.com\\\/agence_caom\\\/\",\"https:\\\/\\\/www.linkedin.com\\\/company\\\/caom-agence-de-communication\\\/about\\\/?viewAsMember=true\"]},{\"@type\":\"Person\",\"@id\":\"https:\\\/\\\/agence-caom.fr\\\/#\\\/schema\\\/person\\\/4e3245385294dedad23dbf15391fa1ca\",\"name\":\"Camille\",\"image\":{\"@type\":\"ImageObject\",\"inLanguage\":\"fr-FR\",\"@id\":\"https:\\\/\\\/secure.gravatar.com\\\/avatar\\\/ebe07fd7d061a377f8639eb87e6a9c712153862c1843e21d1295b191854fa867?s=96&d=mm&r=g\",\"url\":\"https:\\\/\\\/secure.gravatar.com\\\/avatar\\\/ebe07fd7d061a377f8639eb87e6a9c712153862c1843e21d1295b191854fa867?s=96&d=mm&r=g\",\"contentUrl\":\"https:\\\/\\\/secure.gravatar.com\\\/avatar\\\/ebe07fd7d061a377f8639eb87e6a9c712153862c1843e21d1295b191854fa867?s=96&d=mm&r=g\",\"caption\":\"Camille\"},\"sameAs\":[\"http:\\\/\\\/agence-caom.fr\"],\"url\":\"https:\\\/\\\/agence-caom.fr\\\/index.php\\\/author\\\/agence-caom-fr\\\/\"}]}<\/script>\n<!-- \/ Yoast SEO plugin. -->","yoast_head_json":{"title":"Comment communiquer pendant les p\u00e9riodes de f\u00eates ? | Caom - Agence de communication","description":"Les f\u00eates de fin d'ann\u00e9e approchent ! Vous vous demandez comment communiquer \u00e0 l'abord de celles-ci ? Par ici !!","robots":{"index":"index","follow":"follow","max-snippet":"max-snippet:-1","max-image-preview":"max-image-preview:large","max-video-preview":"max-video-preview:-1"},"canonical":"https:\/\/agence-caom.fr\/index.php\/2023\/11\/27\/comment-communiquer-pendant-les-periodes-de-fetes\/","og_locale":"fr_FR","og_type":"article","og_title":"Comment communiquer pendant les p\u00e9riodes de f\u00eates ? | Caom - Agence de communication","og_description":"Les f\u00eates de fin d'ann\u00e9e approchent ! Vous vous demandez comment communiquer \u00e0 l'abord de celles-ci ? Par ici !!","og_url":"https:\/\/agence-caom.fr\/index.php\/2023\/11\/27\/comment-communiquer-pendant-les-periodes-de-fetes\/","og_site_name":"Caom - Agence de communication","article_publisher":"https:\/\/www.facebook.com\/profile.php?id=61550912141809&locale=fr_FR","article_published_time":"2023-11-27T09:18:24+00:00","article_modified_time":"2023-11-27T10:24:39+00:00","og_image":[{"width":1698,"height":2560,"url":"http:\/\/agence-caom.fr\/wp-content\/uploads\/2023\/11\/Comment-communiquer-pendant-les-periodes-de-fetes-caom-agence-de-communication-scaled.jpg","type":"image\/jpeg"}],"author":"Camille","twitter_card":"summary_large_image","twitter_misc":{"\u00c9crit par":"Camille"},"schema":{"@context":"https:\/\/schema.org","@graph":[{"@type":"Article","@id":"https:\/\/agence-caom.fr\/index.php\/2023\/11\/27\/comment-communiquer-pendant-les-periodes-de-fetes\/#article","isPartOf":{"@id":"https:\/\/agence-caom.fr\/index.php\/2023\/11\/27\/comment-communiquer-pendant-les-periodes-de-fetes\/"},"author":{"name":"Camille","@id":"https:\/\/agence-caom.fr\/#\/schema\/person\/4e3245385294dedad23dbf15391fa1ca"},"headline":"Comment communiquer pendant les p\u00e9riodes de f\u00eates ?","datePublished":"2023-11-27T09:18:24+00:00","dateModified":"2023-11-27T10:24:39+00:00","mainEntityOfPage":{"@id":"https:\/\/agence-caom.fr\/index.php\/2023\/11\/27\/comment-communiquer-pendant-les-periodes-de-fetes\/"},"wordCount":967,"commentCount":0,"publisher":{"@id":"https:\/\/agence-caom.fr\/#organization"},"image":{"@id":"https:\/\/agence-caom.fr\/index.php\/2023\/11\/27\/comment-communiquer-pendant-les-periodes-de-fetes\/#primaryimage"},"thumbnailUrl":"https:\/\/agence-caom.fr\/wp-content\/uploads\/2023\/11\/Comment-communiquer-pendant-les-periodes-de-fetes-caom-agence-de-communication-scaled.jpg","articleSection":["Blog"],"inLanguage":"fr-FR","potentialAction":[{"@type":"CommentAction","name":"Comment","target":["https:\/\/agence-caom.fr\/index.php\/2023\/11\/27\/comment-communiquer-pendant-les-periodes-de-fetes\/#respond"]}]},{"@type":"WebPage","@id":"https:\/\/agence-caom.fr\/index.php\/2023\/11\/27\/comment-communiquer-pendant-les-periodes-de-fetes\/","url":"https:\/\/agence-caom.fr\/index.php\/2023\/11\/27\/comment-communiquer-pendant-les-periodes-de-fetes\/","name":"Comment communiquer pendant les p\u00e9riodes de f\u00eates ? | Caom - Agence de communication","isPartOf":{"@id":"https:\/\/agence-caom.fr\/#website"},"primaryImageOfPage":{"@id":"https:\/\/agence-caom.fr\/index.php\/2023\/11\/27\/comment-communiquer-pendant-les-periodes-de-fetes\/#primaryimage"},"image":{"@id":"https:\/\/agence-caom.fr\/index.php\/2023\/11\/27\/comment-communiquer-pendant-les-periodes-de-fetes\/#primaryimage"},"thumbnailUrl":"https:\/\/agence-caom.fr\/wp-content\/uploads\/2023\/11\/Comment-communiquer-pendant-les-periodes-de-fetes-caom-agence-de-communication-scaled.jpg","datePublished":"2023-11-27T09:18:24+00:00","dateModified":"2023-11-27T10:24:39+00:00","description":"Les f\u00eates de fin d'ann\u00e9e approchent ! Vous vous demandez comment communiquer \u00e0 l'abord de celles-ci ? Par ici !!","breadcrumb":{"@id":"https:\/\/agence-caom.fr\/index.php\/2023\/11\/27\/comment-communiquer-pendant-les-periodes-de-fetes\/#breadcrumb"},"inLanguage":"fr-FR","potentialAction":[{"@type":"ReadAction","target":["https:\/\/agence-caom.fr\/index.php\/2023\/11\/27\/comment-communiquer-pendant-les-periodes-de-fetes\/"]}]},{"@type":"ImageObject","inLanguage":"fr-FR","@id":"https:\/\/agence-caom.fr\/index.php\/2023\/11\/27\/comment-communiquer-pendant-les-periodes-de-fetes\/#primaryimage","url":"https:\/\/agence-caom.fr\/wp-content\/uploads\/2023\/11\/Comment-communiquer-pendant-les-periodes-de-fetes-caom-agence-de-communication-scaled.jpg","contentUrl":"https:\/\/agence-caom.fr\/wp-content\/uploads\/2023\/11\/Comment-communiquer-pendant-les-periodes-de-fetes-caom-agence-de-communication-scaled.jpg","width":1698,"height":2560,"caption":"Comment communiquer pendant les p\u00e9riodes de f\u00eates - Caom - agence de communication"},{"@type":"BreadcrumbList","@id":"https:\/\/agence-caom.fr\/index.php\/2023\/11\/27\/comment-communiquer-pendant-les-periodes-de-fetes\/#breadcrumb","itemListElement":[{"@type":"ListItem","position":1,"name":"Accueil","item":"https:\/\/agence-caom.fr\/"},{"@type":"ListItem","position":2,"name":"Comment communiquer pendant les p\u00e9riodes de f\u00eates ?"}]},{"@type":"WebSite","@id":"https:\/\/agence-caom.fr\/#website","url":"https:\/\/agence-caom.fr\/","name":"Caom","description":"Agence de communication","publisher":{"@id":"https:\/\/agence-caom.fr\/#organization"},"alternateName":"Caom - Agence de communication","potentialAction":[{"@type":"SearchAction","target":{"@type":"EntryPoint","urlTemplate":"https:\/\/agence-caom.fr\/?s={search_term_string}"},"query-input":{"@type":"PropertyValueSpecification","valueRequired":true,"valueName":"search_term_string"}}],"inLanguage":"fr-FR"},{"@type":"Organization","@id":"https:\/\/agence-caom.fr\/#organization","name":"Caom","url":"https:\/\/agence-caom.fr\/","logo":{"@type":"ImageObject","inLanguage":"fr-FR","@id":"https:\/\/agence-caom.fr\/#\/schema\/logo\/image\/","url":"https:\/\/agence-caom.fr\/wp-content\/uploads\/2023\/09\/cropped-caom-logo_Plan-de-travail-1-08.png","contentUrl":"https:\/\/agence-caom.fr\/wp-content\/uploads\/2023\/09\/cropped-caom-logo_Plan-de-travail-1-08.png","width":1317,"height":559,"caption":"Caom"},"image":{"@id":"https:\/\/agence-caom.fr\/#\/schema\/logo\/image\/"},"sameAs":["https:\/\/www.facebook.com\/profile.php?id=61550912141809&locale=fr_FR","https:\/\/www.instagram.com\/agence_caom\/","https:\/\/www.linkedin.com\/company\/caom-agence-de-communication\/about\/?viewAsMember=true"]},{"@type":"Person","@id":"https:\/\/agence-caom.fr\/#\/schema\/person\/4e3245385294dedad23dbf15391fa1ca","name":"Camille","image":{"@type":"ImageObject","inLanguage":"fr-FR","@id":"https:\/\/secure.gravatar.com\/avatar\/ebe07fd7d061a377f8639eb87e6a9c712153862c1843e21d1295b191854fa867?s=96&d=mm&r=g","url":"https:\/\/secure.gravatar.com\/avatar\/ebe07fd7d061a377f8639eb87e6a9c712153862c1843e21d1295b191854fa867?s=96&d=mm&r=g","contentUrl":"https:\/\/secure.gravatar.com\/avatar\/ebe07fd7d061a377f8639eb87e6a9c712153862c1843e21d1295b191854fa867?s=96&d=mm&r=g","caption":"Camille"},"sameAs":["http:\/\/agence-caom.fr"],"url":"https:\/\/agence-caom.fr\/index.php\/author\/agence-caom-fr\/"}]}},"_links":{"self":[{"href":"https:\/\/agence-caom.fr\/index.php\/wp-json\/wp\/v2\/posts\/1910","targetHints":{"allow":["GET"]}}],"collection":[{"href":"https:\/\/agence-caom.fr\/index.php\/wp-json\/wp\/v2\/posts"}],"about":[{"href":"https:\/\/agence-caom.fr\/index.php\/wp-json\/wp\/v2\/types\/post"}],"author":[{"embeddable":true,"href":"https:\/\/agence-caom.fr\/index.php\/wp-json\/wp\/v2\/users\/1"}],"replies":[{"embeddable":true,"href":"https:\/\/agence-caom.fr\/index.php\/wp-json\/wp\/v2\/comments?post=1910"}],"version-history":[{"count":40,"href":"https:\/\/agence-caom.fr\/index.php\/wp-json\/wp\/v2\/posts\/1910\/revisions"}],"predecessor-version":[{"id":1967,"href":"https:\/\/agence-caom.fr\/index.php\/wp-json\/wp\/v2\/posts\/1910\/revisions\/1967"}],"wp:featuredmedia":[{"embeddable":true,"href":"https:\/\/agence-caom.fr\/index.php\/wp-json\/wp\/v2\/media\/1911"}],"wp:attachment":[{"href":"https:\/\/agence-caom.fr\/index.php\/wp-json\/wp\/v2\/media?parent=1910"}],"wp:term":[{"taxonomy":"category","embeddable":true,"href":"https:\/\/agence-caom.fr\/index.php\/wp-json\/wp\/v2\/categories?post=1910"},{"taxonomy":"post_tag","embeddable":true,"href":"https:\/\/agence-caom.fr\/index.php\/wp-json\/wp\/v2\/tags?post=1910"}],"curies":[{"name":"wp","href":"https:\/\/api.w.org\/{rel}","templated":true}]}}