{"id":1646,"date":"2023-10-31T15:37:10","date_gmt":"2023-10-31T14:37:10","guid":{"rendered":"https:\/\/agence-caom.fr\/?p=1646"},"modified":"2023-10-31T15:51:41","modified_gmt":"2023-10-31T14:51:41","slug":"communication-entrepreneuriat","status":"publish","type":"post","link":"https:\/\/agence-caom.fr\/index.php\/2023\/10\/31\/communication-entrepreneuriat\/","title":{"rendered":"La communication au coeur de l&rsquo;entrepreneuriat"},"content":{"rendered":"\t\t<div data-elementor-type=\"wp-post\" data-elementor-id=\"1646\" class=\"elementor elementor-1646\" data-elementor-post-type=\"post\">\n\t\t\t\t\t\t<section class=\"elementor-section elementor-top-section elementor-element elementor-element-165c284 elementor-section-content-middle elementor-section-boxed elementor-section-height-default elementor-section-height-default elementor-invisible\" data-id=\"165c284\" data-element_type=\"section\" data-e-type=\"section\" data-settings=\"{&quot;animation&quot;:&quot;slideInUp&quot;}\">\n\t\t\t\t\t\t<div class=\"elementor-container elementor-column-gap-default\">\n\t\t\t\t\t<div class=\"elementor-column elementor-col-50 elementor-top-column elementor-element elementor-element-5931168\" data-id=\"5931168\" data-element_type=\"column\" data-e-type=\"column\">\n\t\t\t<div class=\"elementor-widget-wrap elementor-element-populated\">\n\t\t\t\t\t\t<div class=\"elementor-element elementor-element-51fc87c elementor-widget elementor-widget-image\" data-id=\"51fc87c\" data-element_type=\"widget\" data-e-type=\"widget\" data-widget_type=\"image.default\">\n\t\t\t\t<div class=\"elementor-widget-container\">\n\t\t\t\t\t\t\t\t\t\t\t\t\t\t\t<img fetchpriority=\"high\" decoding=\"async\" width=\"1024\" height=\"741\" src=\"https:\/\/agence-caom.fr\/wp-content\/uploads\/2023\/10\/Identite-visuelle-caom-1024x741.png\" class=\"attachment-large size-large wp-image-971\" alt=\"Ic\u00f4ne service identit\u00e9 visuelle - Caom agence de communication\" srcset=\"https:\/\/agence-caom.fr\/wp-content\/uploads\/2023\/10\/Identite-visuelle-caom-1024x741.png 1024w, https:\/\/agence-caom.fr\/wp-content\/uploads\/2023\/10\/Identite-visuelle-caom-300x217.png 300w, https:\/\/agence-caom.fr\/wp-content\/uploads\/2023\/10\/Identite-visuelle-caom-768x555.png 768w, https:\/\/agence-caom.fr\/wp-content\/uploads\/2023\/10\/Identite-visuelle-caom-1536x1111.png 1536w, https:\/\/agence-caom.fr\/wp-content\/uploads\/2023\/10\/Identite-visuelle-caom-2048x1481.png 2048w\" sizes=\"(max-width: 1024px) 100vw, 1024px\" \/>\t\t\t\t\t\t\t\t\t\t\t\t\t\t\t<\/div>\n\t\t\t\t<\/div>\n\t\t\t\t\t<\/div>\n\t\t<\/div>\n\t\t\t\t<div class=\"elementor-column elementor-col-50 elementor-top-column elementor-element elementor-element-e73f006\" data-id=\"e73f006\" data-element_type=\"column\" data-e-type=\"column\">\n\t\t\t<div class=\"elementor-widget-wrap elementor-element-populated\">\n\t\t\t\t\t\t<div class=\"elementor-element elementor-element-01aea9e elementor-widget elementor-widget-heading\" data-id=\"01aea9e\" data-element_type=\"widget\" data-e-type=\"widget\" data-widget_type=\"heading.default\">\n\t\t\t\t<div class=\"elementor-widget-container\">\n\t\t\t\t\t<h1 class=\"elementor-heading-title elementor-size-default\">La communication : la cl\u00e9 du succ\u00e8s entrepreneurial <\/h1>\t\t\t\t<\/div>\n\t\t\t\t<\/div>\n\t\t\t\t<div class=\"elementor-element elementor-element-dd32d45 elementor-widget elementor-widget-text-editor\" data-id=\"dd32d45\" data-element_type=\"widget\" data-e-type=\"widget\" data-widget_type=\"text-editor.default\">\n\t\t\t\t<div class=\"elementor-widget-container\">\n\t\t\t\t\t\t\t\t\t<p>L&rsquo;entrepreneuriat est un monde en constante \u00e9volution, aliment\u00e9 par des id\u00e9es novatrices, la pers\u00e9v\u00e9rance et la capacit\u00e9 \u00e0 prendre des risques calcul\u00e9s. Cependant, au c\u0153ur de ce paysage entrepreneurial dynamique, la communication \u00e9merge comme un \u00e9l\u00e9ment essentiel de la r\u00e9ussite. Que vous soyez un fondateur de start-up, un chef d&rsquo;entreprise chevronn\u00e9 ou un aspirant entrepreneur, la communication est la cl\u00e9 pour atteindre vos objectifs commerciaux et \u00e9tablir des relations durables avec vos clients, partenaires et employ\u00e9s, on vous en dit plus au travers de notre article !<\/p><ul><li>Les 3 types de communication<ul><li>La communication interne<\/li><li>La communication externe<\/li><li>La communication en p\u00e9riode de crise<\/li><\/ul><\/li><li>Zoom sur la communication externe<\/li><li>Conclusion<\/li><\/ul>\t\t\t\t\t\t\t\t<\/div>\n\t\t\t\t<\/div>\n\t\t\t\t\t<\/div>\n\t\t<\/div>\n\t\t\t\t\t<\/div>\n\t\t<\/section>\n\t\t\t\t<section class=\"elementor-section elementor-top-section elementor-element elementor-element-a828dd9 elementor-section-boxed elementor-section-height-default elementor-section-height-default elementor-invisible\" data-id=\"a828dd9\" data-element_type=\"section\" data-e-type=\"section\" data-settings=\"{&quot;animation&quot;:&quot;slideInUp&quot;}\">\n\t\t\t\t\t\t<div class=\"elementor-container elementor-column-gap-default\">\n\t\t\t\t\t<div class=\"elementor-column elementor-col-100 elementor-top-column elementor-element elementor-element-d3b5608\" data-id=\"d3b5608\" data-element_type=\"column\" data-e-type=\"column\">\n\t\t\t<div class=\"elementor-widget-wrap elementor-element-populated\">\n\t\t\t\t\t\t<div class=\"elementor-element elementor-element-ff6288b elementor-widget-divider--view-line_icon elementor-view-default elementor-widget-divider--element-align-center elementor-widget elementor-widget-divider\" data-id=\"ff6288b\" data-element_type=\"widget\" data-e-type=\"widget\" data-widget_type=\"divider.default\">\n\t\t\t\t<div class=\"elementor-widget-container\">\n\t\t\t\t\t\t\t<div class=\"elementor-divider\">\n\t\t\t<span class=\"elementor-divider-separator\">\n\t\t\t\t\t\t\t<div class=\"elementor-icon elementor-divider__element\">\n\t\t\t\t\t<i aria-hidden=\"true\" class=\"fas fa-arrow-down\"><\/i><\/div>\n\t\t\t\t\t\t<\/span>\n\t\t<\/div>\n\t\t\t\t\t\t<\/div>\n\t\t\t\t<\/div>\n\t\t\t\t\t<\/div>\n\t\t<\/div>\n\t\t\t\t\t<\/div>\n\t\t<\/section>\n\t\t\t\t<section class=\"elementor-section elementor-top-section elementor-element elementor-element-a55095f elementor-section-boxed elementor-section-height-default elementor-section-height-default elementor-invisible\" data-id=\"a55095f\" data-element_type=\"section\" data-e-type=\"section\" data-settings=\"{&quot;animation&quot;:&quot;slideInUp&quot;}\">\n\t\t\t\t\t\t<div class=\"elementor-container elementor-column-gap-default\">\n\t\t\t\t\t<div class=\"elementor-column elementor-col-33 elementor-top-column elementor-element elementor-element-1da3a00\" data-id=\"1da3a00\" data-element_type=\"column\" data-e-type=\"column\" data-settings=\"{&quot;background_background&quot;:&quot;classic&quot;}\">\n\t\t\t<div class=\"elementor-widget-wrap elementor-element-populated\">\n\t\t\t\t\t\t<div class=\"elementor-element elementor-element-735502d elementor-widget elementor-widget-heading\" data-id=\"735502d\" data-element_type=\"widget\" data-e-type=\"widget\" data-widget_type=\"heading.default\">\n\t\t\t\t<div class=\"elementor-widget-container\">\n\t\t\t\t\t<h2 class=\"elementor-heading-title elementor-size-default\">La communication interne : <br>Un atout pr\u00e9cieux pour la culture d\u2019entreprise<\/h2>\t\t\t\t<\/div>\n\t\t\t\t<\/div>\n\t\t\t\t<div class=\"elementor-element elementor-element-53e65b9 elementor-widget elementor-widget-text-editor\" data-id=\"53e65b9\" data-element_type=\"widget\" data-e-type=\"widget\" data-widget_type=\"text-editor.default\">\n\t\t\t\t<div class=\"elementor-widget-container\">\n\t\t\t\t\t\t\t\t\t<p>La communication interne est un pilier fondamental de la r\u00e9ussite de toute entreprise. Elle fa\u00e7onne la culture d&rsquo;entreprise, renforce l&rsquo;engagement des employ\u00e9s et favorise un environnement de travail collaboratif. Les entrepreneurs qui investissent dans une communication interne solide peuvent s&rsquo;attendre \u00e0 des employ\u00e9s plus motiv\u00e9s, plus productifs et plus fid\u00e8les \u00e0 l\u2019entreprise.<\/p><p>Les outils de communication interne, tels que les r\u00e9unions d&rsquo;\u00e9quipe, les bulletins d&rsquo;information, le journal interne, les plateformes de collaboration en ligne et les r\u00e9seaux sociaux d&rsquo;entreprise, permettent de transmettre la vision de l&rsquo;entreprise, de partager des informations essentielles et d&rsquo;encourager le partage d&rsquo;id\u00e9es. Une communication interne transparente et ouverte favorise \u00e9galement la r\u00e9troaction, ce qui peut contribuer \u00e0 l&rsquo;am\u00e9lioration continue de l\u2019entreprise.<\/p>\t\t\t\t\t\t\t\t<\/div>\n\t\t\t\t<\/div>\n\t\t\t\t\t<\/div>\n\t\t<\/div>\n\t\t\t\t<div class=\"elementor-column elementor-col-33 elementor-top-column elementor-element elementor-element-78e63fd\" data-id=\"78e63fd\" data-element_type=\"column\" data-e-type=\"column\" data-settings=\"{&quot;background_background&quot;:&quot;classic&quot;}\">\n\t\t\t<div class=\"elementor-widget-wrap elementor-element-populated\">\n\t\t\t\t\t\t<div class=\"elementor-element elementor-element-7316821 elementor-widget elementor-widget-heading\" data-id=\"7316821\" data-element_type=\"widget\" data-e-type=\"widget\" data-widget_type=\"heading.default\">\n\t\t\t\t<div class=\"elementor-widget-container\">\n\t\t\t\t\t<h2 class=\"elementor-heading-title elementor-size-default\">La communication externe : Construire une image de marque solide<\/h2>\t\t\t\t<\/div>\n\t\t\t\t<\/div>\n\t\t\t\t<div class=\"elementor-element elementor-element-151ea88 elementor-widget elementor-widget-text-editor\" data-id=\"151ea88\" data-element_type=\"widget\" data-e-type=\"widget\" data-widget_type=\"text-editor.default\">\n\t\t\t\t<div class=\"elementor-widget-container\">\n\t\t\t\t\t\t\t\t\t<p>La communication externe est tout aussi cruciale pour les entrepreneurs. Elle englobe la mani\u00e8re dont vous communiquez avec vos clients, partenaires, investisseurs et le public en g\u00e9n\u00e9ral. Une communication externe efficace repose sur la cr\u00e9ation et le maintien d&rsquo;une image de marque solide et coh\u00e9rente.<\/p><p>Ainsi il est essentiel d&rsquo;adopter une strat\u00e9gie de communication qui refl\u00e8te les valeurs et la mission de votre entreprise. Une communication claire et transparente avec les clients peut renforcer la confiance, tandis qu&rsquo;une communication efficace avec les investisseurs peut attirer des capitaux et soutenir la croissance de l\u2019entreprise.<\/p><p>Les m\u00e9dias sociaux, les sites web, les campagnes publicitaires et les relations publiques sont autant d&rsquo;outils \u00e0 la disposition des entrepreneurs pour communiquer avec leur public cible.\u00a0<\/p>\t\t\t\t\t\t\t\t<\/div>\n\t\t\t\t<\/div>\n\t\t\t\t\t<\/div>\n\t\t<\/div>\n\t\t\t\t<div class=\"elementor-column elementor-col-33 elementor-top-column elementor-element elementor-element-9d852ed\" data-id=\"9d852ed\" data-element_type=\"column\" data-e-type=\"column\" data-settings=\"{&quot;background_background&quot;:&quot;classic&quot;}\">\n\t\t\t<div class=\"elementor-widget-wrap elementor-element-populated\">\n\t\t\t\t\t\t<div class=\"elementor-element elementor-element-dd813de elementor-widget elementor-widget-heading\" data-id=\"dd813de\" data-element_type=\"widget\" data-e-type=\"widget\" data-widget_type=\"heading.default\">\n\t\t\t\t<div class=\"elementor-widget-container\">\n\t\t\t\t\t<h2 class=\"elementor-heading-title elementor-size-default\">La communication en <br>p\u00e9riode de crise : <br>G\u00e9rer les d\u00e9fis avec s\u00e9r\u00e9nit\u00e9<\/h2>\t\t\t\t<\/div>\n\t\t\t\t<\/div>\n\t\t\t\t<div class=\"elementor-element elementor-element-b0cf06d elementor-widget elementor-widget-text-editor\" data-id=\"b0cf06d\" data-element_type=\"widget\" data-e-type=\"widget\" data-widget_type=\"text-editor.default\">\n\t\t\t\t<div class=\"elementor-widget-container\">\n\t\t\t\t\t\t\t\t\t<p>Les entrepreneurs sont souvent confront\u00e9s \u00e0 des d\u00e9fis impr\u00e9vus et \u00e0 des p\u00e9riodes de crise. La mani\u00e8re dont vous communiquez en de telles circonstances peut avoir un impact significatif sur la survie et la r\u00e9silience de votre entreprise. Une communication claire, honn\u00eate et rapide est essentielle pour att\u00e9nuer les effets n\u00e9gatifs d&rsquo;une crise.<\/p><p>Il est important de mettre en place des plans de communication de crise afin de r\u00e9agir efficacement aux situations d&rsquo;urgence. La communication proactive avec les parties prenantes, y compris les employ\u00e9s, les clients et les partenaires, peut contribuer \u00e0 restaurer la confiance et \u00e0 minimiser les dommages \u00e0 la r\u00e9putation de l\u2019entreprise.<\/p>\t\t\t\t\t\t\t\t<\/div>\n\t\t\t\t<\/div>\n\t\t\t\t\t<\/div>\n\t\t<\/div>\n\t\t\t\t\t<\/div>\n\t\t<\/section>\n\t\t\t\t<section class=\"elementor-section elementor-top-section elementor-element elementor-element-b83aa99 elementor-section-boxed elementor-section-height-default elementor-section-height-default elementor-invisible\" data-id=\"b83aa99\" data-element_type=\"section\" data-e-type=\"section\" data-settings=\"{&quot;animation&quot;:&quot;slideInUp&quot;}\">\n\t\t\t\t\t\t<div class=\"elementor-container elementor-column-gap-default\">\n\t\t\t\t\t<div class=\"elementor-column elementor-col-100 elementor-top-column elementor-element elementor-element-80e2564\" data-id=\"80e2564\" data-element_type=\"column\" data-e-type=\"column\">\n\t\t\t<div class=\"elementor-widget-wrap elementor-element-populated\">\n\t\t\t\t\t\t<div class=\"elementor-element elementor-element-9edf2cc elementor-widget-divider--view-line_icon elementor-view-default elementor-widget-divider--element-align-center elementor-widget elementor-widget-divider\" data-id=\"9edf2cc\" data-element_type=\"widget\" data-e-type=\"widget\" data-widget_type=\"divider.default\">\n\t\t\t\t<div class=\"elementor-widget-container\">\n\t\t\t\t\t\t\t<div class=\"elementor-divider\">\n\t\t\t<span class=\"elementor-divider-separator\">\n\t\t\t\t\t\t\t<div class=\"elementor-icon elementor-divider__element\">\n\t\t\t\t\t<i aria-hidden=\"true\" class=\"fas fa-arrow-down\"><\/i><\/div>\n\t\t\t\t\t\t<\/span>\n\t\t<\/div>\n\t\t\t\t\t\t<\/div>\n\t\t\t\t<\/div>\n\t\t\t\t\t<\/div>\n\t\t<\/div>\n\t\t\t\t\t<\/div>\n\t\t<\/section>\n\t\t\t\t<section class=\"elementor-section elementor-top-section elementor-element elementor-element-e68d06c elementor-section-boxed elementor-section-height-default elementor-section-height-default elementor-invisible\" data-id=\"e68d06c\" data-element_type=\"section\" data-e-type=\"section\" data-settings=\"{&quot;animation&quot;:&quot;slideInUp&quot;}\">\n\t\t\t\t\t\t<div class=\"elementor-container elementor-column-gap-default\">\n\t\t\t\t\t<div class=\"elementor-column elementor-col-100 elementor-top-column elementor-element elementor-element-0f74be5\" data-id=\"0f74be5\" data-element_type=\"column\" data-e-type=\"column\">\n\t\t\t<div class=\"elementor-widget-wrap elementor-element-populated\">\n\t\t\t\t\t\t<div class=\"elementor-element elementor-element-2fc3514 elementor-widget elementor-widget-heading\" data-id=\"2fc3514\" data-element_type=\"widget\" data-e-type=\"widget\" data-widget_type=\"heading.default\">\n\t\t\t\t<div class=\"elementor-widget-container\">\n\t\t\t\t\t<h2 class=\"elementor-heading-title elementor-size-default\">Zoom sur la communication externe : <\/h2>\t\t\t\t<\/div>\n\t\t\t\t<\/div>\n\t\t\t\t<div class=\"elementor-element elementor-element-6c05f50 elementor-widget elementor-widget-text-editor\" data-id=\"6c05f50\" data-element_type=\"widget\" data-e-type=\"widget\" data-widget_type=\"text-editor.default\">\n\t\t\t\t<div class=\"elementor-widget-container\">\n\t\t\t\t\t\t\t\t\t<p>Dans le monde de l&rsquo;entrepreneuriat, la communication externe occupe une place de choix. C&rsquo;est elle qui fa\u00e7onne l&rsquo;image de votre entreprise, qui lui donne de la visibilit\u00e9, et qui cr\u00e9e des liens durables avec vos clients, partenaires et le grand public. Au c\u0153ur de cette strat\u00e9gie, on trouve l&rsquo;identit\u00e9 visuelle, les supports print, les sites vitrines, et bien s\u00fbr, les r\u00e9seaux sociaux.<\/p>\t\t\t\t\t\t\t\t<\/div>\n\t\t\t\t<\/div>\n\t\t\t\t\t<\/div>\n\t\t<\/div>\n\t\t\t\t\t<\/div>\n\t\t<\/section>\n\t\t\t\t<section class=\"elementor-section elementor-top-section elementor-element elementor-element-8ff70b5 elementor-section-boxed elementor-section-height-default elementor-section-height-default elementor-invisible\" data-id=\"8ff70b5\" data-element_type=\"section\" data-e-type=\"section\" data-settings=\"{&quot;animation&quot;:&quot;slideInUp&quot;}\">\n\t\t\t\t\t\t<div class=\"elementor-container elementor-column-gap-default\">\n\t\t\t\t\t<div class=\"elementor-column elementor-col-100 elementor-top-column elementor-element elementor-element-d26451f\" data-id=\"d26451f\" data-element_type=\"column\" data-e-type=\"column\">\n\t\t\t<div class=\"elementor-widget-wrap elementor-element-populated\">\n\t\t\t\t\t\t<div class=\"elementor-element elementor-element-6ff4d74 elementor-widget elementor-widget-toggle\" data-id=\"6ff4d74\" data-element_type=\"widget\" data-e-type=\"widget\" data-widget_type=\"toggle.default\">\n\t\t\t\t<div class=\"elementor-widget-container\">\n\t\t\t\t\t\t\t<div class=\"elementor-toggle\">\n\t\t\t\t\t\t\t<div class=\"elementor-toggle-item\">\n\t\t\t\t\t<h3 id=\"elementor-tab-title-1171\" class=\"elementor-tab-title\" data-tab=\"1\" role=\"button\" aria-controls=\"elementor-tab-content-1171\" aria-expanded=\"false\">\n\t\t\t\t\t\t\t\t\t\t\t\t<span class=\"elementor-toggle-icon elementor-toggle-icon-left\" aria-hidden=\"true\">\n\t\t\t\t\t\t\t\t\t\t\t\t\t\t\t<span class=\"elementor-toggle-icon-closed\"><i class=\"fas fa-caret-right\"><\/i><\/span>\n\t\t\t\t\t\t\t\t<span class=\"elementor-toggle-icon-opened\"><i class=\"elementor-toggle-icon-opened fas fa-caret-up\"><\/i><\/span>\n\t\t\t\t\t\t\t\t\t\t\t\t\t<\/span>\n\t\t\t\t\t\t\t\t\t\t\t\t<a class=\"elementor-toggle-title\" tabindex=\"0\">L'identit\u00e9 visuelle : le visage de votre entreprise<\/a>\n\t\t\t\t\t<\/h3>\n\n\t\t\t\t\t<div id=\"elementor-tab-content-1171\" class=\"elementor-tab-content elementor-clearfix\" data-tab=\"1\" role=\"region\" aria-labelledby=\"elementor-tab-title-1171\"><p>L&rsquo;identit\u00e9 visuelle est l&rsquo;\u00e9pine dorsale de votre communication externe. Elle englobe votre logo, votre palette de couleurs, vos polices, et tout ce qui contribue \u00e0 forger une image distinctive et m\u00e9morable pour votre entreprise. Votre identit\u00e9 visuelle est bien plus qu&rsquo;une simple image de marque ; elle incarne les valeurs, la personnalit\u00e9 et la promesse de votre entreprise.<\/p><p>Investir dans une identit\u00e9 visuelle forte est essentiel. Elle doit \u00eatre coh\u00e9rente \u00e0 travers tous les canaux de communication, des supports print aux r\u00e9seaux sociaux, et cr\u00e9er une impression instantan\u00e9e et positive chez vos publics. Une identit\u00e9 visuelle bien d\u00e9finie suscitera la confiance, donnera de la cr\u00e9dibilit\u00e9, et aidera votre entreprise \u00e0 se d\u00e9marquer dans un march\u00e9 concurrentiel.<\/p><\/div>\n\t\t\t\t<\/div>\n\t\t\t\t\t\t\t<div class=\"elementor-toggle-item\">\n\t\t\t\t\t<h3 id=\"elementor-tab-title-1172\" class=\"elementor-tab-title\" data-tab=\"2\" role=\"button\" aria-controls=\"elementor-tab-content-1172\" aria-expanded=\"false\">\n\t\t\t\t\t\t\t\t\t\t\t\t<span class=\"elementor-toggle-icon elementor-toggle-icon-left\" aria-hidden=\"true\">\n\t\t\t\t\t\t\t\t\t\t\t\t\t\t\t<span class=\"elementor-toggle-icon-closed\"><i class=\"fas fa-caret-right\"><\/i><\/span>\n\t\t\t\t\t\t\t\t<span class=\"elementor-toggle-icon-opened\"><i class=\"elementor-toggle-icon-opened fas fa-caret-up\"><\/i><\/span>\n\t\t\t\t\t\t\t\t\t\t\t\t\t<\/span>\n\t\t\t\t\t\t\t\t\t\t\t\t<a class=\"elementor-toggle-title\" tabindex=\"0\">Les supports print : le toucher & la perception<\/a>\n\t\t\t\t\t<\/h3>\n\n\t\t\t\t\t<div id=\"elementor-tab-content-1172\" class=\"elementor-tab-content elementor-clearfix\" data-tab=\"2\" role=\"region\" aria-labelledby=\"elementor-tab-title-1172\"><p>Les supports print ne sont pas d\u00e9mod\u00e9s, loin de l\u00e0. Ils demeurent une composante cruciale de votre communication externe. Que ce soient des brochures, des d\u00e9pliants, des cartes de visite ou des affiches, ces supports physiques offrent une exp\u00e9rience tactile unique. Ils transmettent une impression de professionnalisme et de s\u00e9rieux, tout en permettant \u00e0 votre public de garder un souvenir concret de votre entreprise.<\/p><p>De plus, le design et la qualit\u00e9 des supports print refl\u00e8tent directement l&rsquo;identit\u00e9 visuelle de votre entreprise. En utilisant des couleurs, des formes et des images qui correspondent \u00e0 votre image de marque, vous renforcez la coh\u00e9rence de votre communication externe, ce qui la rend plus efficace.<\/p><\/div>\n\t\t\t\t<\/div>\n\t\t\t\t\t\t\t<div class=\"elementor-toggle-item\">\n\t\t\t\t\t<h3 id=\"elementor-tab-title-1173\" class=\"elementor-tab-title\" data-tab=\"3\" role=\"button\" aria-controls=\"elementor-tab-content-1173\" aria-expanded=\"false\">\n\t\t\t\t\t\t\t\t\t\t\t\t<span class=\"elementor-toggle-icon elementor-toggle-icon-left\" aria-hidden=\"true\">\n\t\t\t\t\t\t\t\t\t\t\t\t\t\t\t<span class=\"elementor-toggle-icon-closed\"><i class=\"fas fa-caret-right\"><\/i><\/span>\n\t\t\t\t\t\t\t\t<span class=\"elementor-toggle-icon-opened\"><i class=\"elementor-toggle-icon-opened fas fa-caret-up\"><\/i><\/span>\n\t\t\t\t\t\t\t\t\t\t\t\t\t<\/span>\n\t\t\t\t\t\t\t\t\t\t\t\t<a class=\"elementor-toggle-title\" tabindex=\"0\">Les sites vitrines : la porte d'entr\u00e9e num\u00e9rique<\/a>\n\t\t\t\t\t<\/h3>\n\n\t\t\t\t\t<div id=\"elementor-tab-content-1173\" class=\"elementor-tab-content elementor-clearfix\" data-tab=\"3\" role=\"region\" aria-labelledby=\"elementor-tab-title-1173\"><p>Les sites vitrines jouent un r\u00f4le de plus en plus crucial dans la communication externe. Ils sont souvent la premi\u00e8re interaction qu&rsquo;ont les clients avec votre entreprise. Un site bien con\u00e7u, \u00e0 l&rsquo;image de votre identit\u00e9 visuelle, est essentiel pour donner une impression positive.<\/p><p>Votre site web doit \u00eatre clair, informatif, et orient\u00e9 vers l&rsquo;utilisateur. L&rsquo;identit\u00e9 visuelle doit \u00eatre pr\u00e9sente, et la navigation doit \u00eatre fluide. De plus, il doit \u00eatre adapt\u00e9 aux dispositifs mobiles, car un nombre croissant de clients utilisent leurs smartphones pour rechercher des produits et services.<\/p><\/div>\n\t\t\t\t<\/div>\n\t\t\t\t\t\t\t<div class=\"elementor-toggle-item\">\n\t\t\t\t\t<h3 id=\"elementor-tab-title-1174\" class=\"elementor-tab-title\" data-tab=\"4\" role=\"button\" aria-controls=\"elementor-tab-content-1174\" aria-expanded=\"false\">\n\t\t\t\t\t\t\t\t\t\t\t\t<span class=\"elementor-toggle-icon elementor-toggle-icon-left\" aria-hidden=\"true\">\n\t\t\t\t\t\t\t\t\t\t\t\t\t\t\t<span class=\"elementor-toggle-icon-closed\"><i class=\"fas fa-caret-right\"><\/i><\/span>\n\t\t\t\t\t\t\t\t<span class=\"elementor-toggle-icon-opened\"><i class=\"elementor-toggle-icon-opened fas fa-caret-up\"><\/i><\/span>\n\t\t\t\t\t\t\t\t\t\t\t\t\t<\/span>\n\t\t\t\t\t\t\t\t\t\t\t\t<a class=\"elementor-toggle-title\" tabindex=\"0\">Les r\u00e9seaux sociaux : L'instantan\u00e9it\u00e9 de la communication<\/a>\n\t\t\t\t\t<\/h3>\n\n\t\t\t\t\t<div id=\"elementor-tab-content-1174\" class=\"elementor-tab-content elementor-clearfix\" data-tab=\"4\" role=\"region\" aria-labelledby=\"elementor-tab-title-1174\"><p>Les r\u00e9seaux sociaux sont des outils puissants pour \u00e9tendre votre communication externe. Ils vous permettent de diffuser des informations, d&rsquo;interagir avec votre public, de recueillir des commentaires et de cr\u00e9er un lien plus personnel avec vos clients. La coh\u00e9rence de l&rsquo;identit\u00e9 visuelle, des visuels, et de la tonalit\u00e9 dans vos publications renforce la reconnaissance de votre marque.<\/p><p>Les r\u00e9seaux sociaux sont \u00e9galement des plateformes id\u00e9ales pour pr\u00e9senter des \u00e9l\u00e9ments visuels tels que des images, des vid\u00e9os, et des infographies, qui peuvent capter l&rsquo;attention de votre public de mani\u00e8re plus efficace que du texte seul.<\/p><\/div>\n\t\t\t\t<\/div>\n\t\t\t\t\t\t\t\t<\/div>\n\t\t\t\t\t\t<\/div>\n\t\t\t\t<\/div>\n\t\t\t\t<div class=\"elementor-element elementor-element-716e482 elementor-widget elementor-widget-text-editor\" data-id=\"716e482\" data-element_type=\"widget\" data-e-type=\"widget\" data-widget_type=\"text-editor.default\">\n\t\t\t\t<div class=\"elementor-widget-container\">\n\t\t\t\t\t\t\t\t\t<p>En somme, la communication externe est au c\u0153ur de l&rsquo;entrepreneuriat moderne. Votre identit\u00e9 visuelle, les supports print, les sites vitrines, et les r\u00e9seaux sociaux sont les outils essentiels pour fa\u00e7onner une image de marque forte, attirer des clients et \u00e9tablir des relations durables. En investissant dans une communication externe coh\u00e9rente, vous augmentez la cr\u00e9dibilit\u00e9 de votre entreprise et sa capacit\u00e9 \u00e0 se d\u00e9marquer dans un environnement concurrentiel.<\/p>\t\t\t\t\t\t\t\t<\/div>\n\t\t\t\t<\/div>\n\t\t\t\t\t<\/div>\n\t\t<\/div>\n\t\t\t\t\t<\/div>\n\t\t<\/section>\n\t\t\t\t<section class=\"elementor-section elementor-top-section elementor-element elementor-element-883a2cb elementor-section-boxed elementor-section-height-default elementor-section-height-default elementor-invisible\" data-id=\"883a2cb\" data-element_type=\"section\" data-e-type=\"section\" data-settings=\"{&quot;animation&quot;:&quot;slideInUp&quot;}\">\n\t\t\t\t\t\t<div class=\"elementor-container elementor-column-gap-default\">\n\t\t\t\t\t<div class=\"elementor-column elementor-col-100 elementor-top-column elementor-element elementor-element-9e5fd66\" data-id=\"9e5fd66\" data-element_type=\"column\" data-e-type=\"column\">\n\t\t\t<div class=\"elementor-widget-wrap elementor-element-populated\">\n\t\t\t\t\t\t<div class=\"elementor-element elementor-element-f42ee7d elementor-widget-divider--view-line_icon elementor-view-default elementor-widget-divider--element-align-center elementor-widget elementor-widget-divider\" data-id=\"f42ee7d\" data-element_type=\"widget\" data-e-type=\"widget\" data-widget_type=\"divider.default\">\n\t\t\t\t<div class=\"elementor-widget-container\">\n\t\t\t\t\t\t\t<div class=\"elementor-divider\">\n\t\t\t<span class=\"elementor-divider-separator\">\n\t\t\t\t\t\t\t<div class=\"elementor-icon elementor-divider__element\">\n\t\t\t\t\t<i aria-hidden=\"true\" class=\"fas fa-ellipsis-h\"><\/i><\/div>\n\t\t\t\t\t\t<\/span>\n\t\t<\/div>\n\t\t\t\t\t\t<\/div>\n\t\t\t\t<\/div>\n\t\t\t\t\t<\/div>\n\t\t<\/div>\n\t\t\t\t\t<\/div>\n\t\t<\/section>\n\t\t\t\t<section class=\"elementor-section elementor-top-section elementor-element elementor-element-a457122 elementor-section-boxed elementor-section-height-default elementor-section-height-default elementor-invisible\" data-id=\"a457122\" data-element_type=\"section\" data-e-type=\"section\" data-settings=\"{&quot;animation&quot;:&quot;slideInUp&quot;}\">\n\t\t\t\t\t\t<div class=\"elementor-container elementor-column-gap-default\">\n\t\t\t\t\t<div class=\"elementor-column elementor-col-100 elementor-top-column elementor-element elementor-element-87b347c\" data-id=\"87b347c\" data-element_type=\"column\" data-e-type=\"column\">\n\t\t\t<div class=\"elementor-widget-wrap elementor-element-populated\">\n\t\t\t\t\t\t<div class=\"elementor-element elementor-element-6e0fbd7 elementor-widget elementor-widget-heading\" data-id=\"6e0fbd7\" data-element_type=\"widget\" data-e-type=\"widget\" data-widget_type=\"heading.default\">\n\t\t\t\t<div class=\"elementor-widget-container\">\n\t\t\t\t\t<h2 class=\"elementor-heading-title elementor-size-default\">Pour conclure...<\/h2>\t\t\t\t<\/div>\n\t\t\t\t<\/div>\n\t\t\t\t<div class=\"elementor-element elementor-element-0846096 elementor-widget elementor-widget-text-editor\" data-id=\"0846096\" data-element_type=\"widget\" data-e-type=\"widget\" data-widget_type=\"text-editor.default\">\n\t\t\t\t<div class=\"elementor-widget-container\">\n\t\t\t\t\t\t\t\t\t<p>En fin de compte, la communication est un \u00e9l\u00e9ment essentiel et un pilier de l&rsquo;entrepreneuriat. Elle fa\u00e7onne la culture d&rsquo;entreprise, renforce la confiance, cr\u00e9e des relations solides et permet de naviguer avec succ\u00e8s dans un monde en constante \u00e9volution. Les entrepreneurs qui reconnaissent l&rsquo;importance de la communication interne et externe, ainsi que sa gestion en p\u00e9riode de crise, sont mieux arm\u00e9s pour prosp\u00e9rer dans cet environnement entrepreneurial complexe.<\/p><p>Que vous soyez en train de lancer une nouvelle entreprise ou de faire \u00e9voluer une entreprise \u00e9tablie, il est crucial de faire de la communication une priorit\u00e9. En conclusion, la qualit\u00e9 de votre communication peut faire la diff\u00e9rence entre le succ\u00e8s et l&rsquo;\u00e9chec dans le monde de l\u2019entrepreneuriat.<\/p>\t\t\t\t\t\t\t\t<\/div>\n\t\t\t\t<\/div>\n\t\t\t\t\t<\/div>\n\t\t<\/div>\n\t\t\t\t\t<\/div>\n\t\t<\/section>\n\t\t\t\t<section class=\"elementor-section elementor-top-section elementor-element elementor-element-e0814d9 elementor-section-boxed elementor-section-height-default elementor-section-height-default elementor-invisible\" data-id=\"e0814d9\" data-element_type=\"section\" data-e-type=\"section\" data-settings=\"{&quot;animation&quot;:&quot;slideInUp&quot;}\">\n\t\t\t\t\t\t<div class=\"elementor-container elementor-column-gap-default\">\n\t\t\t\t\t<div class=\"elementor-column elementor-col-100 elementor-top-column elementor-element elementor-element-abe46f3\" data-id=\"abe46f3\" data-element_type=\"column\" data-e-type=\"column\">\n\t\t\t<div class=\"elementor-widget-wrap elementor-element-populated\">\n\t\t\t\t\t\t<div class=\"elementor-element elementor-element-c6a5937 elementor-widget elementor-widget-text-editor\" data-id=\"c6a5937\" data-element_type=\"widget\" data-e-type=\"widget\" data-widget_type=\"text-editor.default\">\n\t\t\t\t<div class=\"elementor-widget-container\">\n\t\t\t\t\t\t\t\t\t<p>Envie de cr\u00e9er vos outils de communication \u00e0 nos c\u00f4t\u00e9s ?\u00a0<span style=\"font-family: Roboto, sans-serif; font-size: 15px; font-style: normal; font-variant-caps: normal;\">\ud83d\udc49\u00a0<\/span><a href=\"https:\/\/agence-caom.fr\/index.php\/pack-entrepreneur\/\"><span style=\"font-size: 15px;\">Par ici\u00a0<\/span><\/a><\/p><p>Envoyez nous votre demande d\u00e8s maintenant via \ud83d\udc49 <a href=\"https:\/\/agence-caom.fr\/index.php\/contact-caom-agence-de-communication\/\">notre formulaire de contact<\/a><\/p>\t\t\t\t\t\t\t\t<\/div>\n\t\t\t\t<\/div>\n\t\t\t\t\t<\/div>\n\t\t<\/div>\n\t\t\t\t\t<\/div>\n\t\t<\/section>\n\t\t\t\t<section class=\"elementor-section elementor-top-section elementor-element elementor-element-cdd387a elementor-section-boxed elementor-section-height-default elementor-section-height-default\" data-id=\"cdd387a\" data-element_type=\"section\" data-e-type=\"section\">\n\t\t\t\t\t\t<div class=\"elementor-container elementor-column-gap-default\">\n\t\t\t\t\t<div class=\"elementor-column elementor-col-100 elementor-top-column elementor-element elementor-element-d6f1101\" data-id=\"d6f1101\" data-element_type=\"column\" data-e-type=\"column\">\n\t\t\t<div class=\"elementor-widget-wrap elementor-element-populated\">\n\t\t\t\t\t\t<div class=\"elementor-element elementor-element-3e932cf elementor-widget elementor-widget-spacer\" data-id=\"3e932cf\" data-element_type=\"widget\" data-e-type=\"widget\" data-widget_type=\"spacer.default\">\n\t\t\t\t<div class=\"elementor-widget-container\">\n\t\t\t\t\t\t\t<div class=\"elementor-spacer\">\n\t\t\t<div class=\"elementor-spacer-inner\"><\/div>\n\t\t<\/div>\n\t\t\t\t\t\t<\/div>\n\t\t\t\t<\/div>\n\t\t\t\t\t<\/div>\n\t\t<\/div>\n\t\t\t\t\t<\/div>\n\t\t<\/section>\n\t\t\t\t<\/div>\n\t\t","protected":false},"excerpt":{"rendered":"<p>La communication : la cl\u00e9 du succ\u00e8s entrepreneurial L&rsquo;entrepreneuriat est un monde en constante \u00e9volution, aliment\u00e9 par des id\u00e9es novatrices, la pers\u00e9v\u00e9rance et la capacit\u00e9 \u00e0 prendre des risques calcul\u00e9s. Cependant, au c\u0153ur de ce paysage entrepreneurial dynamique, la communication \u00e9merge comme un \u00e9l\u00e9ment essentiel de la r\u00e9ussite. Que vous soyez un fondateur de start-up, [&hellip;]<\/p>\n","protected":false},"author":1,"featured_media":0,"comment_status":"open","ping_status":"open","sticky":false,"template":"","format":"standard","meta":{"footnotes":""},"categories":[1],"tags":[],"class_list":["post-1646","post","type-post","status-publish","format-standard","hentry","category-blog"],"blocksy_meta":[],"yoast_head":"<!-- This site is optimized with the Yoast SEO plugin v27.5 - https:\/\/yoast.com\/product\/yoast-seo-wordpress\/ -->\n<title>La communication au coeur de l&#039;entrepreneuriat | Caom - Agence de communication<\/title>\n<meta name=\"description\" content=\"La communication au centre de l&#039;entrepreneuriat : la communication est la cl\u00e9 pour atteindre vos objectifs et booster votre activit\u00e9 !\" \/>\n<meta name=\"robots\" content=\"index, follow, max-snippet:-1, max-image-preview:large, max-video-preview:-1\" \/>\n<link rel=\"canonical\" href=\"https:\/\/agence-caom.fr\/index.php\/2023\/10\/31\/communication-entrepreneuriat\/\" \/>\n<meta property=\"og:locale\" content=\"fr_FR\" \/>\n<meta property=\"og:type\" content=\"article\" \/>\n<meta property=\"og:title\" content=\"La communication au coeur de l&#039;entrepreneuriat | Caom - Agence de communication\" \/>\n<meta property=\"og:description\" content=\"La communication au centre de l&#039;entrepreneuriat : la communication est la cl\u00e9 pour atteindre vos objectifs et booster votre activit\u00e9 !\" \/>\n<meta property=\"og:url\" content=\"https:\/\/agence-caom.fr\/index.php\/2023\/10\/31\/communication-entrepreneuriat\/\" \/>\n<meta property=\"og:site_name\" content=\"Caom - Agence de communication\" \/>\n<meta property=\"article:publisher\" content=\"https:\/\/www.facebook.com\/profile.php?id=61550912141809&amp;locale=fr_FR\" \/>\n<meta property=\"article:published_time\" content=\"2023-10-31T14:37:10+00:00\" \/>\n<meta property=\"article:modified_time\" content=\"2023-10-31T14:51:41+00:00\" \/>\n<meta property=\"og:image\" content=\"http:\/\/agence-caom.fr\/wp-content\/uploads\/2023\/10\/Identite-visuelle-caom-1024x741.png\" \/>\n<meta name=\"author\" content=\"Camille\" \/>\n<meta name=\"twitter:card\" content=\"summary_large_image\" \/>\n<meta name=\"twitter:label1\" content=\"\u00c9crit par\" \/>\n\t<meta name=\"twitter:data1\" content=\"Camille\" \/>\n\t<meta name=\"twitter:label2\" content=\"Dur\u00e9e de lecture estim\u00e9e\" \/>\n\t<meta name=\"twitter:data2\" content=\"7 minutes\" \/>\n<script type=\"application\/ld+json\" class=\"yoast-schema-graph\">{\"@context\":\"https:\\\/\\\/schema.org\",\"@graph\":[{\"@type\":\"Article\",\"@id\":\"https:\\\/\\\/agence-caom.fr\\\/index.php\\\/2023\\\/10\\\/31\\\/communication-entrepreneuriat\\\/#article\",\"isPartOf\":{\"@id\":\"https:\\\/\\\/agence-caom.fr\\\/index.php\\\/2023\\\/10\\\/31\\\/communication-entrepreneuriat\\\/\"},\"author\":{\"name\":\"Camille\",\"@id\":\"https:\\\/\\\/agence-caom.fr\\\/#\\\/schema\\\/person\\\/4e3245385294dedad23dbf15391fa1ca\"},\"headline\":\"La communication au coeur de l&rsquo;entrepreneuriat\",\"datePublished\":\"2023-10-31T14:37:10+00:00\",\"dateModified\":\"2023-10-31T14:51:41+00:00\",\"mainEntityOfPage\":{\"@id\":\"https:\\\/\\\/agence-caom.fr\\\/index.php\\\/2023\\\/10\\\/31\\\/communication-entrepreneuriat\\\/\"},\"wordCount\":1320,\"commentCount\":0,\"publisher\":{\"@id\":\"https:\\\/\\\/agence-caom.fr\\\/#organization\"},\"image\":{\"@id\":\"https:\\\/\\\/agence-caom.fr\\\/index.php\\\/2023\\\/10\\\/31\\\/communication-entrepreneuriat\\\/#primaryimage\"},\"thumbnailUrl\":\"http:\\\/\\\/agence-caom.fr\\\/wp-content\\\/uploads\\\/2023\\\/10\\\/Identite-visuelle-caom-1024x741.png\",\"articleSection\":[\"Blog\"],\"inLanguage\":\"fr-FR\",\"potentialAction\":[{\"@type\":\"CommentAction\",\"name\":\"Comment\",\"target\":[\"https:\\\/\\\/agence-caom.fr\\\/index.php\\\/2023\\\/10\\\/31\\\/communication-entrepreneuriat\\\/#respond\"]}]},{\"@type\":\"WebPage\",\"@id\":\"https:\\\/\\\/agence-caom.fr\\\/index.php\\\/2023\\\/10\\\/31\\\/communication-entrepreneuriat\\\/\",\"url\":\"https:\\\/\\\/agence-caom.fr\\\/index.php\\\/2023\\\/10\\\/31\\\/communication-entrepreneuriat\\\/\",\"name\":\"La communication au coeur de l'entrepreneuriat | Caom - Agence de communication\",\"isPartOf\":{\"@id\":\"https:\\\/\\\/agence-caom.fr\\\/#website\"},\"primaryImageOfPage\":{\"@id\":\"https:\\\/\\\/agence-caom.fr\\\/index.php\\\/2023\\\/10\\\/31\\\/communication-entrepreneuriat\\\/#primaryimage\"},\"image\":{\"@id\":\"https:\\\/\\\/agence-caom.fr\\\/index.php\\\/2023\\\/10\\\/31\\\/communication-entrepreneuriat\\\/#primaryimage\"},\"thumbnailUrl\":\"http:\\\/\\\/agence-caom.fr\\\/wp-content\\\/uploads\\\/2023\\\/10\\\/Identite-visuelle-caom-1024x741.png\",\"datePublished\":\"2023-10-31T14:37:10+00:00\",\"dateModified\":\"2023-10-31T14:51:41+00:00\",\"description\":\"La communication au centre de l'entrepreneuriat : la communication est la cl\u00e9 pour atteindre vos objectifs et booster votre activit\u00e9 !\",\"breadcrumb\":{\"@id\":\"https:\\\/\\\/agence-caom.fr\\\/index.php\\\/2023\\\/10\\\/31\\\/communication-entrepreneuriat\\\/#breadcrumb\"},\"inLanguage\":\"fr-FR\",\"potentialAction\":[{\"@type\":\"ReadAction\",\"target\":[\"https:\\\/\\\/agence-caom.fr\\\/index.php\\\/2023\\\/10\\\/31\\\/communication-entrepreneuriat\\\/\"]}]},{\"@type\":\"ImageObject\",\"inLanguage\":\"fr-FR\",\"@id\":\"https:\\\/\\\/agence-caom.fr\\\/index.php\\\/2023\\\/10\\\/31\\\/communication-entrepreneuriat\\\/#primaryimage\",\"url\":\"http:\\\/\\\/agence-caom.fr\\\/wp-content\\\/uploads\\\/2023\\\/10\\\/Identite-visuelle-caom-1024x741.png\",\"contentUrl\":\"http:\\\/\\\/agence-caom.fr\\\/wp-content\\\/uploads\\\/2023\\\/10\\\/Identite-visuelle-caom-1024x741.png\"},{\"@type\":\"BreadcrumbList\",\"@id\":\"https:\\\/\\\/agence-caom.fr\\\/index.php\\\/2023\\\/10\\\/31\\\/communication-entrepreneuriat\\\/#breadcrumb\",\"itemListElement\":[{\"@type\":\"ListItem\",\"position\":1,\"name\":\"Accueil\",\"item\":\"https:\\\/\\\/agence-caom.fr\\\/\"},{\"@type\":\"ListItem\",\"position\":2,\"name\":\"La communication au coeur de l&rsquo;entrepreneuriat\"}]},{\"@type\":\"WebSite\",\"@id\":\"https:\\\/\\\/agence-caom.fr\\\/#website\",\"url\":\"https:\\\/\\\/agence-caom.fr\\\/\",\"name\":\"Caom\",\"description\":\"Agence de communication\",\"publisher\":{\"@id\":\"https:\\\/\\\/agence-caom.fr\\\/#organization\"},\"alternateName\":\"Caom - Agence de communication\",\"potentialAction\":[{\"@type\":\"SearchAction\",\"target\":{\"@type\":\"EntryPoint\",\"urlTemplate\":\"https:\\\/\\\/agence-caom.fr\\\/?s={search_term_string}\"},\"query-input\":{\"@type\":\"PropertyValueSpecification\",\"valueRequired\":true,\"valueName\":\"search_term_string\"}}],\"inLanguage\":\"fr-FR\"},{\"@type\":\"Organization\",\"@id\":\"https:\\\/\\\/agence-caom.fr\\\/#organization\",\"name\":\"Caom\",\"url\":\"https:\\\/\\\/agence-caom.fr\\\/\",\"logo\":{\"@type\":\"ImageObject\",\"inLanguage\":\"fr-FR\",\"@id\":\"https:\\\/\\\/agence-caom.fr\\\/#\\\/schema\\\/logo\\\/image\\\/\",\"url\":\"https:\\\/\\\/agence-caom.fr\\\/wp-content\\\/uploads\\\/2023\\\/09\\\/cropped-caom-logo_Plan-de-travail-1-08.png\",\"contentUrl\":\"https:\\\/\\\/agence-caom.fr\\\/wp-content\\\/uploads\\\/2023\\\/09\\\/cropped-caom-logo_Plan-de-travail-1-08.png\",\"width\":1317,\"height\":559,\"caption\":\"Caom\"},\"image\":{\"@id\":\"https:\\\/\\\/agence-caom.fr\\\/#\\\/schema\\\/logo\\\/image\\\/\"},\"sameAs\":[\"https:\\\/\\\/www.facebook.com\\\/profile.php?id=61550912141809&locale=fr_FR\",\"https:\\\/\\\/www.instagram.com\\\/agence_caom\\\/\",\"https:\\\/\\\/www.linkedin.com\\\/company\\\/caom-agence-de-communication\\\/about\\\/?viewAsMember=true\"]},{\"@type\":\"Person\",\"@id\":\"https:\\\/\\\/agence-caom.fr\\\/#\\\/schema\\\/person\\\/4e3245385294dedad23dbf15391fa1ca\",\"name\":\"Camille\",\"image\":{\"@type\":\"ImageObject\",\"inLanguage\":\"fr-FR\",\"@id\":\"https:\\\/\\\/secure.gravatar.com\\\/avatar\\\/ebe07fd7d061a377f8639eb87e6a9c712153862c1843e21d1295b191854fa867?s=96&d=mm&r=g\",\"url\":\"https:\\\/\\\/secure.gravatar.com\\\/avatar\\\/ebe07fd7d061a377f8639eb87e6a9c712153862c1843e21d1295b191854fa867?s=96&d=mm&r=g\",\"contentUrl\":\"https:\\\/\\\/secure.gravatar.com\\\/avatar\\\/ebe07fd7d061a377f8639eb87e6a9c712153862c1843e21d1295b191854fa867?s=96&d=mm&r=g\",\"caption\":\"Camille\"},\"sameAs\":[\"http:\\\/\\\/agence-caom.fr\"],\"url\":\"https:\\\/\\\/agence-caom.fr\\\/index.php\\\/author\\\/agence-caom-fr\\\/\"}]}<\/script>\n<!-- \/ Yoast SEO plugin. -->","yoast_head_json":{"title":"La communication au coeur de l'entrepreneuriat | Caom - Agence de communication","description":"La communication au centre de l'entrepreneuriat : la communication est la cl\u00e9 pour atteindre vos objectifs et booster votre activit\u00e9 !","robots":{"index":"index","follow":"follow","max-snippet":"max-snippet:-1","max-image-preview":"max-image-preview:large","max-video-preview":"max-video-preview:-1"},"canonical":"https:\/\/agence-caom.fr\/index.php\/2023\/10\/31\/communication-entrepreneuriat\/","og_locale":"fr_FR","og_type":"article","og_title":"La communication au coeur de l'entrepreneuriat | Caom - Agence de communication","og_description":"La communication au centre de l'entrepreneuriat : la communication est la cl\u00e9 pour atteindre vos objectifs et booster votre activit\u00e9 !","og_url":"https:\/\/agence-caom.fr\/index.php\/2023\/10\/31\/communication-entrepreneuriat\/","og_site_name":"Caom - Agence de communication","article_publisher":"https:\/\/www.facebook.com\/profile.php?id=61550912141809&locale=fr_FR","article_published_time":"2023-10-31T14:37:10+00:00","article_modified_time":"2023-10-31T14:51:41+00:00","og_image":[{"url":"http:\/\/agence-caom.fr\/wp-content\/uploads\/2023\/10\/Identite-visuelle-caom-1024x741.png","type":"","width":"","height":""}],"author":"Camille","twitter_card":"summary_large_image","twitter_misc":{"\u00c9crit par":"Camille","Dur\u00e9e de lecture estim\u00e9e":"7 minutes"},"schema":{"@context":"https:\/\/schema.org","@graph":[{"@type":"Article","@id":"https:\/\/agence-caom.fr\/index.php\/2023\/10\/31\/communication-entrepreneuriat\/#article","isPartOf":{"@id":"https:\/\/agence-caom.fr\/index.php\/2023\/10\/31\/communication-entrepreneuriat\/"},"author":{"name":"Camille","@id":"https:\/\/agence-caom.fr\/#\/schema\/person\/4e3245385294dedad23dbf15391fa1ca"},"headline":"La communication au coeur de l&rsquo;entrepreneuriat","datePublished":"2023-10-31T14:37:10+00:00","dateModified":"2023-10-31T14:51:41+00:00","mainEntityOfPage":{"@id":"https:\/\/agence-caom.fr\/index.php\/2023\/10\/31\/communication-entrepreneuriat\/"},"wordCount":1320,"commentCount":0,"publisher":{"@id":"https:\/\/agence-caom.fr\/#organization"},"image":{"@id":"https:\/\/agence-caom.fr\/index.php\/2023\/10\/31\/communication-entrepreneuriat\/#primaryimage"},"thumbnailUrl":"http:\/\/agence-caom.fr\/wp-content\/uploads\/2023\/10\/Identite-visuelle-caom-1024x741.png","articleSection":["Blog"],"inLanguage":"fr-FR","potentialAction":[{"@type":"CommentAction","name":"Comment","target":["https:\/\/agence-caom.fr\/index.php\/2023\/10\/31\/communication-entrepreneuriat\/#respond"]}]},{"@type":"WebPage","@id":"https:\/\/agence-caom.fr\/index.php\/2023\/10\/31\/communication-entrepreneuriat\/","url":"https:\/\/agence-caom.fr\/index.php\/2023\/10\/31\/communication-entrepreneuriat\/","name":"La communication au coeur de l'entrepreneuriat | Caom - Agence de communication","isPartOf":{"@id":"https:\/\/agence-caom.fr\/#website"},"primaryImageOfPage":{"@id":"https:\/\/agence-caom.fr\/index.php\/2023\/10\/31\/communication-entrepreneuriat\/#primaryimage"},"image":{"@id":"https:\/\/agence-caom.fr\/index.php\/2023\/10\/31\/communication-entrepreneuriat\/#primaryimage"},"thumbnailUrl":"http:\/\/agence-caom.fr\/wp-content\/uploads\/2023\/10\/Identite-visuelle-caom-1024x741.png","datePublished":"2023-10-31T14:37:10+00:00","dateModified":"2023-10-31T14:51:41+00:00","description":"La communication au centre de l'entrepreneuriat : la communication est la cl\u00e9 pour atteindre vos objectifs et booster votre activit\u00e9 !","breadcrumb":{"@id":"https:\/\/agence-caom.fr\/index.php\/2023\/10\/31\/communication-entrepreneuriat\/#breadcrumb"},"inLanguage":"fr-FR","potentialAction":[{"@type":"ReadAction","target":["https:\/\/agence-caom.fr\/index.php\/2023\/10\/31\/communication-entrepreneuriat\/"]}]},{"@type":"ImageObject","inLanguage":"fr-FR","@id":"https:\/\/agence-caom.fr\/index.php\/2023\/10\/31\/communication-entrepreneuriat\/#primaryimage","url":"http:\/\/agence-caom.fr\/wp-content\/uploads\/2023\/10\/Identite-visuelle-caom-1024x741.png","contentUrl":"http:\/\/agence-caom.fr\/wp-content\/uploads\/2023\/10\/Identite-visuelle-caom-1024x741.png"},{"@type":"BreadcrumbList","@id":"https:\/\/agence-caom.fr\/index.php\/2023\/10\/31\/communication-entrepreneuriat\/#breadcrumb","itemListElement":[{"@type":"ListItem","position":1,"name":"Accueil","item":"https:\/\/agence-caom.fr\/"},{"@type":"ListItem","position":2,"name":"La communication au coeur de l&rsquo;entrepreneuriat"}]},{"@type":"WebSite","@id":"https:\/\/agence-caom.fr\/#website","url":"https:\/\/agence-caom.fr\/","name":"Caom","description":"Agence de communication","publisher":{"@id":"https:\/\/agence-caom.fr\/#organization"},"alternateName":"Caom - Agence de communication","potentialAction":[{"@type":"SearchAction","target":{"@type":"EntryPoint","urlTemplate":"https:\/\/agence-caom.fr\/?s={search_term_string}"},"query-input":{"@type":"PropertyValueSpecification","valueRequired":true,"valueName":"search_term_string"}}],"inLanguage":"fr-FR"},{"@type":"Organization","@id":"https:\/\/agence-caom.fr\/#organization","name":"Caom","url":"https:\/\/agence-caom.fr\/","logo":{"@type":"ImageObject","inLanguage":"fr-FR","@id":"https:\/\/agence-caom.fr\/#\/schema\/logo\/image\/","url":"https:\/\/agence-caom.fr\/wp-content\/uploads\/2023\/09\/cropped-caom-logo_Plan-de-travail-1-08.png","contentUrl":"https:\/\/agence-caom.fr\/wp-content\/uploads\/2023\/09\/cropped-caom-logo_Plan-de-travail-1-08.png","width":1317,"height":559,"caption":"Caom"},"image":{"@id":"https:\/\/agence-caom.fr\/#\/schema\/logo\/image\/"},"sameAs":["https:\/\/www.facebook.com\/profile.php?id=61550912141809&locale=fr_FR","https:\/\/www.instagram.com\/agence_caom\/","https:\/\/www.linkedin.com\/company\/caom-agence-de-communication\/about\/?viewAsMember=true"]},{"@type":"Person","@id":"https:\/\/agence-caom.fr\/#\/schema\/person\/4e3245385294dedad23dbf15391fa1ca","name":"Camille","image":{"@type":"ImageObject","inLanguage":"fr-FR","@id":"https:\/\/secure.gravatar.com\/avatar\/ebe07fd7d061a377f8639eb87e6a9c712153862c1843e21d1295b191854fa867?s=96&d=mm&r=g","url":"https:\/\/secure.gravatar.com\/avatar\/ebe07fd7d061a377f8639eb87e6a9c712153862c1843e21d1295b191854fa867?s=96&d=mm&r=g","contentUrl":"https:\/\/secure.gravatar.com\/avatar\/ebe07fd7d061a377f8639eb87e6a9c712153862c1843e21d1295b191854fa867?s=96&d=mm&r=g","caption":"Camille"},"sameAs":["http:\/\/agence-caom.fr"],"url":"https:\/\/agence-caom.fr\/index.php\/author\/agence-caom-fr\/"}]}},"_links":{"self":[{"href":"https:\/\/agence-caom.fr\/index.php\/wp-json\/wp\/v2\/posts\/1646","targetHints":{"allow":["GET"]}}],"collection":[{"href":"https:\/\/agence-caom.fr\/index.php\/wp-json\/wp\/v2\/posts"}],"about":[{"href":"https:\/\/agence-caom.fr\/index.php\/wp-json\/wp\/v2\/types\/post"}],"author":[{"embeddable":true,"href":"https:\/\/agence-caom.fr\/index.php\/wp-json\/wp\/v2\/users\/1"}],"replies":[{"embeddable":true,"href":"https:\/\/agence-caom.fr\/index.php\/wp-json\/wp\/v2\/comments?post=1646"}],"version-history":[{"count":32,"href":"https:\/\/agence-caom.fr\/index.php\/wp-json\/wp\/v2\/posts\/1646\/revisions"}],"predecessor-version":[{"id":1678,"href":"https:\/\/agence-caom.fr\/index.php\/wp-json\/wp\/v2\/posts\/1646\/revisions\/1678"}],"wp:attachment":[{"href":"https:\/\/agence-caom.fr\/index.php\/wp-json\/wp\/v2\/media?parent=1646"}],"wp:term":[{"taxonomy":"category","embeddable":true,"href":"https:\/\/agence-caom.fr\/index.php\/wp-json\/wp\/v2\/categories?post=1646"},{"taxonomy":"post_tag","embeddable":true,"href":"https:\/\/agence-caom.fr\/index.php\/wp-json\/wp\/v2\/tags?post=1646"}],"curies":[{"name":"wp","href":"https:\/\/api.w.org\/{rel}","templated":true}]}}